{"id":122884,"date":"2020-02-27T16:28:59","date_gmt":"2020-02-27T15:28:59","guid":{"rendered":"https:\/\/zjarr.tv\/?p=122884"},"modified":"2020-02-27T16:28:59","modified_gmt":"2020-02-27T15:28:59","slug":"pd-ne-qendrat-shendetesore-te-tiranes-spahia-nuk-jane-marre-masa-per-koronavirusin","status":"publish","type":"post","link":"https:\/\/zjarr.tv\/en\/pd-ne-qendrat-shendetesore-te-tiranes-spahia-nuk-jane-marre-masa-per-koronavirusin\/","title":{"rendered":"PD n\u00eb qendrat sh\u00ebndet\u00ebsore t\u00eb Tiran\u00ebs, Spahia: Nuk jan\u00eb marr\u00eb masa p\u00ebr koronavirusin"},"content":{"rendered":"<p>P\u00ebrfaq\u00ebsuesi i Grupit t\u00eb Pun\u00ebs pran\u00eb PD p\u00ebr monitorimin e situat\u00ebs me Coronavirus, Bardh Spahia po monitoron qendrat sh\u00ebndet\u00ebsore n\u00eb Tiran\u00eb. N\u00eb nj\u00eb prononim p\u00ebr mediat, ai tha se autoritetet sh\u00ebndet\u00ebsore nuk kan\u00eb marr\u00eb asnj\u00eb mas\u00eb p\u00ebr t\u00eb parandaluar koronavirusin.<\/p>\n<p><strong>Bardh Spahia:<\/strong><em>\u00a0Ka nj\u00eb fluks t\u00eb shtuar pacient\u00ebsh, nd\u00ebrkoh\u00eb q\u00eb nuk ka asnj\u00eb mas\u00eb shtes\u00eb p\u00ebr t\u00eb p\u00ebrballuar nj\u00eb pacient probabilisht t\u00eb prekur.<\/em><\/p>\n<p><em>Gjat\u00eb konstatimeve tona dhe bisedimeve me personelin u ngrit i nj\u00ebjti shqet\u00ebsim mungesa e pajisjeve mbrojt\u00ebse, mungesa e informacionit p\u00ebr p\u00ebrballjen me nj\u00eb situata eventuale prekje.<\/em><\/p>\n<p><em>Nga i gjith\u00eb personeli na u ngrit\u00ebn shqet\u00ebsimet p\u00ebr munges\u00ebn jo vet\u00ebm t\u00eb maskave kirurgjikale, por edhe maskave t\u00eb thjesht, munges\u00ebn e tutave.<\/em><\/p>\n<p>Sipas Spahis\u00eb, nj\u00eb tjet\u00ebr shqet\u00ebsim ishte edhe p\u00ebrjashtimi i strukturave t\u00eb sistemit par\u00ebsor sh\u00ebndet\u00ebsor nga grupet e pun\u00ebs.<\/p>\n<p><strong>Bardh Spahia:<\/strong>\u00a0<em>Nj\u00eb tjet\u00ebr aspekt i r\u00ebnd\u00ebsish\u00ebm q\u00eb na u ngrit si shqet\u00ebsim ishte p\u00ebrjashtimi i struktur\u00ebs s\u00eb sistemit par\u00ebsor nga grupi pun\u00ebs. Nj\u00eb p\u00ebrjashtim q\u00eb reflektohet nga qendra n\u00eb baz\u00eb. Pra ndihen jo vet\u00ebm t\u00eb abandonuar por edhe t\u00eb shk\u00ebputura nga strukturat.\u00a0<\/em><\/p>\n<p><em>N\u00eb disa raste qytetar\u00ebt t\u00eb ndrysh\u00ebm q\u00eb kishin ardhur nga Italia kishin k\u00ebrkuar t\u00eb b\u00ebnin tamponin dhe ishin p\u00ebrcjell\u00eb duke u th\u00ebn\u00eb q\u00eb do t\u00eb b\u00ebnim nj\u00eb ekzaminim n\u00ebse temperatura kalon 38 grad\u00eb.<\/em><\/p>","protected":false},"excerpt":{"rendered":"<p>P\u00ebrfaq\u00ebsuesi i Grupit t\u00eb Pun\u00ebs pran\u00eb PD p\u00ebr monitorimin e situat\u00ebs me Coronavirus, Bardh Spahia po monitoron qendrat sh\u00ebndet\u00ebsore n\u00eb Tiran\u00eb. N\u00eb nj\u00eb prononim p\u00ebr mediat, ai tha se autoritetet sh\u00ebndet\u00ebsore nuk kan\u00eb marr\u00eb asnj\u00eb mas\u00eb p\u00ebr t\u00eb parandaluar koronavirusin. Bardh Spahia:\u00a0Ka nj\u00eb fluks t\u00eb shtuar pacient\u00ebsh, nd\u00ebrkoh\u00eb q\u00eb nuk ka asnj\u00eb mas\u00eb shtes\u00eb p\u00ebr [&hellip;]<\/p>\n","protected":false},"author":2013,"featured_media":122885,"comment_status":"open","ping_status":"closed","sticky":false,"template":"","format":"standard","meta":{"footnotes":""},"categories":[241,235],"tags":[],"class_list":{"0":"post-122884","1":"post","2":"type-post","3":"status-publish","4":"format-standard","5":"has-post-thumbnail","7":"category-aktualitet","8":"category-vendi"},"_links":{"self":[{"href":"https:\/\/zjarr.tv\/en\/wp-json\/wp\/v2\/posts\/122884","targetHints":{"allow":["GET"]}}],"collection":[{"href":"https:\/\/zjarr.tv\/en\/wp-json\/wp\/v2\/posts"}],"about":[{"href":"https:\/\/zjarr.tv\/en\/wp-json\/wp\/v2\/types\/post"}],"author":[{"embeddable":true,"href":"https:\/\/zjarr.tv\/en\/wp-json\/wp\/v2\/users\/2013"}],"replies":[{"embeddable":true,"href":"https:\/\/zjarr.tv\/en\/wp-json\/wp\/v2\/comments?post=122884"}],"version-history":[{"count":0,"href":"https:\/\/zjarr.tv\/en\/wp-json\/wp\/v2\/posts\/122884\/revisions"}],"wp:featuredmedia":[{"embeddable":true,"href":"https:\/\/zjarr.tv\/en\/wp-json\/wp\/v2\/media\/122885"}],"wp:attachment":[{"href":"https:\/\/zjarr.tv\/en\/wp-json\/wp\/v2\/media?parent=122884"}],"wp:term":[{"taxonomy":"category","embeddable":true,"href":"https:\/\/zjarr.tv\/en\/wp-json\/wp\/v2\/categories?post=122884"},{"taxonomy":"post_tag","embeddable":true,"href":"https:\/\/zjarr.tv\/en\/wp-json\/wp\/v2\/tags?post=122884"}],"curies":[{"name":"wp","href":"https:\/\/api.w.org\/{rel}","templated":true}]}}