{"id":122887,"date":"2020-02-27T16:30:22","date_gmt":"2020-02-27T15:30:22","guid":{"rendered":"https:\/\/zjarr.tv\/?p=122887"},"modified":"2020-02-27T16:30:22","modified_gmt":"2020-02-27T15:30:22","slug":"perzgjidhen-4-kandidate-per-kreun-e-bkh","status":"publish","type":"post","link":"https:\/\/zjarr.tv\/en\/perzgjidhen-4-kandidate-per-kreun-e-bkh\/","title":{"rendered":"P\u00ebrzgjidhen 4 kandidat\u00eb p\u00ebr kreun e BKH"},"content":{"rendered":"<p>Komisioni i P\u00ebrzgjedhjes p\u00ebr Drejtorin e BKH-s\u00eb p\u00ebr dy dit\u00eb zhvilloi intervistat e strukturuara me 8 (tet\u00eb) kandidat\u00ebt e p\u00ebrzgjedhur deri n\u00eb ket\u00eb faz\u00eb, n\u00eb pranin\u00eb e Komisionit t\u00eb Pavarur t\u00eb Rishikimit (Komision me p\u00ebrfaq\u00ebsues nga misionet e BE-s\u00eb dhe Qeveris\u00eb s\u00eb SHBA-ve).<\/p>\n<p>\u00c7do kandidat u intervistua duke p\u00ebrdorur t\u00eb nj\u00ebjt\u00ebn metod\u00eb intervistimi, t\u00eb miratuar m\u00eb par\u00eb nga Komisioni i P\u00ebrzgjedhjes. Rezultatet e vler\u00ebsimit t\u00eb intervistave iu shtuan rezultateve t\u00eb m\u00ebparshme t\u00eb kandidat\u00ebve.<\/p>\n<p>N\u00eb p\u00ebrfundim, Komisioni i P\u00ebrzgjedhjes p\u00ebrzgjodhi 4 (kat\u00ebr) kandidat\u00ebt m\u00eb t\u00eb mir\u00eb deri n\u00eb k\u00ebt\u00eb moment, t\u00eb cil\u00ebt do t\u2019i n\u00ebnshtrohen faz\u00ebs p\u00ebrfundimtare t\u00eb verifikimit. Kandidat\u00ebt e p\u00ebrzgjedhur jan\u00eb si m\u00eb posht\u00eb:<\/p>\n<p>1. Aida Veizaj<\/p>\n<p>2. Artur Beu<\/p>\n<p>3. Ervin Hodaj<\/p>\n<p>4. Idajet Faskaj<\/p>","protected":false},"excerpt":{"rendered":"<p>Komisioni i P\u00ebrzgjedhjes p\u00ebr Drejtorin e BKH-s\u00eb p\u00ebr dy dit\u00eb zhvilloi intervistat e strukturuara me 8 (tet\u00eb) kandidat\u00ebt e p\u00ebrzgjedhur deri n\u00eb ket\u00eb faz\u00eb, n\u00eb pranin\u00eb e Komisionit t\u00eb Pavarur t\u00eb Rishikimit (Komision me p\u00ebrfaq\u00ebsues nga misionet e BE-s\u00eb dhe Qeveris\u00eb s\u00eb SHBA-ve). \u00c7do kandidat u intervistua duke p\u00ebrdorur t\u00eb nj\u00ebjt\u00ebn metod\u00eb intervistimi, t\u00eb miratuar [&hellip;]<\/p>\n","protected":false},"author":2013,"featured_media":122888,"comment_status":"open","ping_status":"closed","sticky":false,"template":"","format":"standard","meta":{"footnotes":""},"categories":[241,235],"tags":[],"class_list":{"0":"post-122887","1":"post","2":"type-post","3":"status-publish","4":"format-standard","5":"has-post-thumbnail","7":"category-aktualitet","8":"category-vendi"},"_links":{"self":[{"href":"https:\/\/zjarr.tv\/en\/wp-json\/wp\/v2\/posts\/122887","targetHints":{"allow":["GET"]}}],"collection":[{"href":"https:\/\/zjarr.tv\/en\/wp-json\/wp\/v2\/posts"}],"about":[{"href":"https:\/\/zjarr.tv\/en\/wp-json\/wp\/v2\/types\/post"}],"author":[{"embeddable":true,"href":"https:\/\/zjarr.tv\/en\/wp-json\/wp\/v2\/users\/2013"}],"replies":[{"embeddable":true,"href":"https:\/\/zjarr.tv\/en\/wp-json\/wp\/v2\/comments?post=122887"}],"version-history":[{"count":0,"href":"https:\/\/zjarr.tv\/en\/wp-json\/wp\/v2\/posts\/122887\/revisions"}],"wp:featuredmedia":[{"embeddable":true,"href":"https:\/\/zjarr.tv\/en\/wp-json\/wp\/v2\/media\/122888"}],"wp:attachment":[{"href":"https:\/\/zjarr.tv\/en\/wp-json\/wp\/v2\/media?parent=122887"}],"wp:term":[{"taxonomy":"category","embeddable":true,"href":"https:\/\/zjarr.tv\/en\/wp-json\/wp\/v2\/categories?post=122887"},{"taxonomy":"post_tag","embeddable":true,"href":"https:\/\/zjarr.tv\/en\/wp-json\/wp\/v2\/tags?post=122887"}],"curies":[{"name":"wp","href":"https:\/\/api.w.org\/{rel}","templated":true}]}}