{"id":122895,"date":"2020-02-27T16:35:45","date_gmt":"2020-02-27T15:35:45","guid":{"rendered":"https:\/\/zjarr.tv\/?p=122895"},"modified":"2020-02-27T16:35:45","modified_gmt":"2020-02-27T15:35:45","slug":"zonja-e-zeze-u-largua-pa-dhene-llogari-per-krimet-nishani-ja-kush-ishte-fabula-me-domethenese-e-fundit-mortor-te-nexhmije-hoxhes","status":"publish","type":"post","link":"https:\/\/zjarr.tv\/en\/zonja-e-zeze-u-largua-pa-dhene-llogari-per-krimet-nishani-ja-kush-ishte-fabula-me-domethenese-e-fundit-mortor-te-nexhmije-hoxhes\/","title":{"rendered":"\u201dZonja e zez\u00eb u largua pa dh\u00ebn\u00eb llogari p\u00ebr krimet\u201d, Nishani: Ja kush ishte fabula m\u00eb dometh\u00ebn\u00ebse e fundit mortor t\u00eb Nexhmije Hoxh\u00ebs"},"content":{"rendered":"<p>Kryetari i K\u00ebshillit Komb\u00ebtar t\u00eb PD dhe ish- Presidenti Bujar Nishani ka komentuar vdekjen e Nexhmije Hoxh\u00ebs, e veja e ish- diktatorit t\u00eb Shqip\u00ebris\u00eb Enver Hoxha.<\/p>\n<p>Nishani thot\u00eb se p\u00ebr vdekjen e saj pati 3 lloje reagimesh, ai i nostalgjik\u00ebve t\u00eb diktatur\u00ebs, ai se Nexhmije Hoxha u largua pa u penduar p\u00ebr krimet gjat\u00eb komunizmit dhe e treta me t\u00eb cilin pajtohet Bujar Nishani q\u00eb e veja e ish- diktatorit iku pa dh\u00ebn\u00eb llogari para ligji p\u00ebr krimet e r\u00ebnda.<\/p>\n<p>Bujar Nishani shprehet se ky ishte nj\u00eb d\u00ebshtim p\u00ebr shoq\u00ebrin\u00eb shqiptare q\u00eb Nexhmije Hoxha nuk dha llogari p\u00ebr krimet e dh\u00ebna por q\u00eb duhet t\u00eb jet\u00eb edhe nj\u00eb m\u00ebsim i hidhur pasi kur krimi nuk nd\u00ebshkohet, shkat\u00ebrrimi dhe degradimi rilind p\u00ebrs\u00ebri.<\/p>\n<p><iframe loading=\"lazy\" src=\"https:\/\/www.facebook.com\/plugins\/post.php?href=https%3A%2F%2Fwww.facebook.com%2Fpermalink.php%3Fstory_fbid%3D2711718648877554%26id%3D288438424538934&amp;width=500\" width=\"500\" height=\"572\" frameborder=\"0\" scrolling=\"no\" data-mce-fragment=\"1\"><\/iframe><\/p>","protected":false},"excerpt":{"rendered":"<p>Kryetari i K\u00ebshillit Komb\u00ebtar t\u00eb PD dhe ish- Presidenti Bujar Nishani ka komentuar vdekjen e Nexhmije Hoxh\u00ebs, e veja e ish- diktatorit t\u00eb Shqip\u00ebris\u00eb Enver Hoxha. Nishani thot\u00eb se p\u00ebr vdekjen e saj pati 3 lloje reagimesh, ai i nostalgjik\u00ebve t\u00eb diktatur\u00ebs, ai se Nexhmije Hoxha u largua pa u penduar p\u00ebr krimet gjat\u00eb komunizmit [&hellip;]<\/p>\n","protected":false},"author":2013,"featured_media":69318,"comment_status":"open","ping_status":"closed","sticky":false,"template":"","format":"standard","meta":{"footnotes":""},"categories":[241,235],"tags":[],"class_list":{"0":"post-122895","1":"post","2":"type-post","3":"status-publish","4":"format-standard","5":"has-post-thumbnail","7":"category-aktualitet","8":"category-vendi"},"_links":{"self":[{"href":"https:\/\/zjarr.tv\/en\/wp-json\/wp\/v2\/posts\/122895","targetHints":{"allow":["GET"]}}],"collection":[{"href":"https:\/\/zjarr.tv\/en\/wp-json\/wp\/v2\/posts"}],"about":[{"href":"https:\/\/zjarr.tv\/en\/wp-json\/wp\/v2\/types\/post"}],"author":[{"embeddable":true,"href":"https:\/\/zjarr.tv\/en\/wp-json\/wp\/v2\/users\/2013"}],"replies":[{"embeddable":true,"href":"https:\/\/zjarr.tv\/en\/wp-json\/wp\/v2\/comments?post=122895"}],"version-history":[{"count":0,"href":"https:\/\/zjarr.tv\/en\/wp-json\/wp\/v2\/posts\/122895\/revisions"}],"wp:featuredmedia":[{"embeddable":true,"href":"https:\/\/zjarr.tv\/en\/wp-json\/wp\/v2\/media\/69318"}],"wp:attachment":[{"href":"https:\/\/zjarr.tv\/en\/wp-json\/wp\/v2\/media?parent=122895"}],"wp:term":[{"taxonomy":"category","embeddable":true,"href":"https:\/\/zjarr.tv\/en\/wp-json\/wp\/v2\/categories?post=122895"},{"taxonomy":"post_tag","embeddable":true,"href":"https:\/\/zjarr.tv\/en\/wp-json\/wp\/v2\/tags?post=122895"}],"curies":[{"name":"wp","href":"https:\/\/api.w.org\/{rel}","templated":true}]}}