{"id":122900,"date":"2020-02-28T11:48:05","date_gmt":"2020-02-28T10:48:05","guid":{"rendered":"https:\/\/zjarr.tv\/?p=122900"},"modified":"2020-02-28T11:48:05","modified_gmt":"2020-02-28T10:48:05","slug":"masat-per-koronavirusin-shperndahen-1-2-mln-maska-kirurgjikale-ne-spitale","status":"publish","type":"post","link":"https:\/\/zjarr.tv\/en\/masat-per-koronavirusin-shperndahen-1-2-mln-maska-kirurgjikale-ne-spitale\/","title":{"rendered":"Masat p\u00ebr koronavirusin, shp\u00ebrndahen 1.2 mln maska kirurgjikale n\u00eb spitale"},"content":{"rendered":"<p>Ministrja e Sh\u00ebndet\u00ebsis\u00eb, Ogerta Manastirliu, njoftoi sot se ka nisur shp\u00ebrndarja e 1.2 milion maskave kirurgjikale n\u00eb t\u00eb gjitha strukturat sh\u00ebndet\u00ebsore.<\/p>\n<p>N\u00eb mbledhjen e radh\u00ebs s\u00eb task-forc\u00ebs s\u00eb ngritur p\u00ebr koronavirusin, Manastirliu tha se deri m\u00eb tani nuk ka asnj\u00eb rast t\u00eb konfirmuar me koronavirus n\u00eb vendin ton\u00eb, nd\u00ebrkoh\u00eb q\u00eb jan\u00eb testuar 18 persona q\u00eb kan\u00eb rezultuar negativ.<\/p>\n<p><strong><em>Manastirliu:\u00a0<\/em><\/strong><em>Deri tani nuk ka asnj\u00eb rast t\u00eb konfirmuar me koronavirus. Jan\u00eb testuar 18 persona q\u00eb kan\u00eb dal\u00eb negativ. P\u00ebrve\u00e7 mjeteve t\u00eb mbrojtjes personale dhe stokut ekzistues tani q\u00eb flasim ka nisur puna p\u00ebr t\u00eb shp\u00ebrndar\u00eb 1.2 milion maska kirurgjikale n\u00eb t\u00eb gjith\u00eb strukturat e vendit, par\u00ebsorit dhe spitalet e vendit. 1 mln dollar\u00eb jan\u00eb rialokuar dhe jan\u00eb shtes\u00eb n\u00eb buxhetet e spitaleve t\u00eb vendit p\u00ebr t\u00eb pasur stokun e mjaftuesh\u00ebm p\u00ebr \u00e7do skenar p\u00ebr masat e mbrojtjes personale.<\/em><\/p>","protected":false},"excerpt":{"rendered":"<p>Ministrja e Sh\u00ebndet\u00ebsis\u00eb, Ogerta Manastirliu, njoftoi sot se ka nisur shp\u00ebrndarja e 1.2 milion maskave kirurgjikale n\u00eb t\u00eb gjitha strukturat sh\u00ebndet\u00ebsore. N\u00eb mbledhjen e radh\u00ebs s\u00eb task-forc\u00ebs s\u00eb ngritur p\u00ebr koronavirusin, Manastirliu tha se deri m\u00eb tani nuk ka asnj\u00eb rast t\u00eb konfirmuar me koronavirus n\u00eb vendin ton\u00eb, nd\u00ebrkoh\u00eb q\u00eb jan\u00eb testuar 18 persona q\u00eb [&hellip;]<\/p>\n","protected":false},"author":2013,"featured_media":0,"comment_status":"open","ping_status":"closed","sticky":false,"template":"","format":"standard","meta":{"footnotes":""},"categories":[241,235],"tags":[],"class_list":{"0":"post-122900","1":"post","2":"type-post","3":"status-publish","4":"format-standard","6":"category-aktualitet","7":"category-vendi"},"_links":{"self":[{"href":"https:\/\/zjarr.tv\/en\/wp-json\/wp\/v2\/posts\/122900","targetHints":{"allow":["GET"]}}],"collection":[{"href":"https:\/\/zjarr.tv\/en\/wp-json\/wp\/v2\/posts"}],"about":[{"href":"https:\/\/zjarr.tv\/en\/wp-json\/wp\/v2\/types\/post"}],"author":[{"embeddable":true,"href":"https:\/\/zjarr.tv\/en\/wp-json\/wp\/v2\/users\/2013"}],"replies":[{"embeddable":true,"href":"https:\/\/zjarr.tv\/en\/wp-json\/wp\/v2\/comments?post=122900"}],"version-history":[{"count":0,"href":"https:\/\/zjarr.tv\/en\/wp-json\/wp\/v2\/posts\/122900\/revisions"}],"wp:attachment":[{"href":"https:\/\/zjarr.tv\/en\/wp-json\/wp\/v2\/media?parent=122900"}],"wp:term":[{"taxonomy":"category","embeddable":true,"href":"https:\/\/zjarr.tv\/en\/wp-json\/wp\/v2\/categories?post=122900"},{"taxonomy":"post_tag","embeddable":true,"href":"https:\/\/zjarr.tv\/en\/wp-json\/wp\/v2\/tags?post=122900"}],"curies":[{"name":"wp","href":"https:\/\/api.w.org\/{rel}","templated":true}]}}