{"id":122903,"date":"2020-02-28T11:49:47","date_gmt":"2020-02-28T10:49:47","guid":{"rendered":"https:\/\/zjarr.tv\/?p=122903"},"modified":"2020-02-28T11:49:47","modified_gmt":"2020-02-28T10:49:47","slug":"pd-i-kerkon-informacion-prokurorise-ne-cfare-faze-jane-hetimet-per-30-qershorin","status":"publish","type":"post","link":"https:\/\/zjarr.tv\/en\/pd-i-kerkon-informacion-prokurorise-ne-cfare-faze-jane-hetimet-per-30-qershorin\/","title":{"rendered":"PD i k\u00ebrkon informacion Prokuroris\u00eb: N\u00eb \u00e7far\u00eb faze jan\u00eb hetimet p\u00ebr 30 qershorin?"},"content":{"rendered":"<p>Partia Demokratike duket se nuk do t\u00eb t\u00ebrhiqet nga beteja ligjore p\u00ebr t`i cil\u00ebsuar t\u00eb paligjshme zgjedhjet e 30 qershorit t\u00eb vitit t\u00eb kaluar. T\u00eb premten dega lokale e Partis\u00eb Demokratike n\u00eb Lezh\u00eb, i d\u00ebrgoinj\u00eb k\u00ebrkes\u00eb p\u00ebr informacion Prokuroris\u00eb s\u00eb k\u00ebtij rrethi gjyq\u00ebsor, ku k\u00ebrkon t\u00eb njihet me ecurin\u00eb e hetimeve p\u00ebr padin\u00eb q\u00eb PD b\u00ebri vitin e kaluar.<\/p>\n<p>N\u00eb nj\u00eb njoftim t\u00eb b\u00ebr\u00eb nga PD, thuhet se: N\u00eb padin\u00eb penale t\u00eb b\u00ebr\u00eb nga ana e PD kemi sjell\u00eb fakte dhe t\u00eb dh\u00ebna t\u00eb pakontestueshme t\u00eb maskarad\u00ebs s\u00eb 30 Qershorit,ndaj PD k\u00ebrkon informacion ndaj avancimit t\u00eb hetimeve.<\/p>\n<p>Nd\u00ebrkoh\u00eb n\u00eb letr\u00ebn d\u00ebrguar Prokuroris\u00eb, PD k\u00ebrkon t\u00eb njihet me faz\u00ebn n\u00eb t\u00eb cil\u00ebn ndodhen hetimet e kryera, si dhe n\u00ebse jan\u00eb sekuestruar n\u00eb cil\u00ebsin\u00eb e prov\u00ebs materiale determinonte matierlaet zgjedhore t\u00eb Qendrave t\u00eb Votimit t\u00eb sqaruara n\u00eb pjes\u00ebn e arsyetuese t\u00eb Kall\u00ebzimit Penal.<\/p>\n<p>Nd\u00ebrkoh\u00eb, PD Lezh\u00eb i b\u00ebn apel prokuroris\u00eb q\u00eb t\u00eb jet\u00eb profesionale dhe korrekte n\u00eb hetimin e plot\u00eb dhe t\u00eb gjithansh\u00ebm t\u00eb k\u00ebsaj \u00e7\u00ebshtje. PD e kall\u00ebzim penal p\u00ebr disa vepra penale ndaj Komisionit Q\u00ebndror t\u00eb Zgjedhjeve, Komisioneve Zonale, an\u00ebtar\u00ebve t\u00eb Qendrave t\u00eb Votimit dhe Grupeve t\u00eb Num\u00ebrimit t\u00eb zonave zgjedhore n\u00eb Lezh\u00eb.<\/p>","protected":false},"excerpt":{"rendered":"<p>Partia Demokratike duket se nuk do t\u00eb t\u00ebrhiqet nga beteja ligjore p\u00ebr t`i cil\u00ebsuar t\u00eb paligjshme zgjedhjet e 30 qershorit t\u00eb vitit t\u00eb kaluar. T\u00eb premten dega lokale e Partis\u00eb Demokratike n\u00eb Lezh\u00eb, i d\u00ebrgoinj\u00eb k\u00ebrkes\u00eb p\u00ebr informacion Prokuroris\u00eb s\u00eb k\u00ebtij rrethi gjyq\u00ebsor, ku k\u00ebrkon t\u00eb njihet me ecurin\u00eb e hetimeve p\u00ebr padin\u00eb q\u00eb PD [&hellip;]<\/p>\n","protected":false},"author":2013,"featured_media":93332,"comment_status":"open","ping_status":"closed","sticky":false,"template":"","format":"standard","meta":{"footnotes":""},"categories":[241,235],"tags":[],"class_list":{"0":"post-122903","1":"post","2":"type-post","3":"status-publish","4":"format-standard","5":"has-post-thumbnail","7":"category-aktualitet","8":"category-vendi"},"_links":{"self":[{"href":"https:\/\/zjarr.tv\/en\/wp-json\/wp\/v2\/posts\/122903","targetHints":{"allow":["GET"]}}],"collection":[{"href":"https:\/\/zjarr.tv\/en\/wp-json\/wp\/v2\/posts"}],"about":[{"href":"https:\/\/zjarr.tv\/en\/wp-json\/wp\/v2\/types\/post"}],"author":[{"embeddable":true,"href":"https:\/\/zjarr.tv\/en\/wp-json\/wp\/v2\/users\/2013"}],"replies":[{"embeddable":true,"href":"https:\/\/zjarr.tv\/en\/wp-json\/wp\/v2\/comments?post=122903"}],"version-history":[{"count":0,"href":"https:\/\/zjarr.tv\/en\/wp-json\/wp\/v2\/posts\/122903\/revisions"}],"wp:featuredmedia":[{"embeddable":true,"href":"https:\/\/zjarr.tv\/en\/wp-json\/wp\/v2\/media\/93332"}],"wp:attachment":[{"href":"https:\/\/zjarr.tv\/en\/wp-json\/wp\/v2\/media?parent=122903"}],"wp:term":[{"taxonomy":"category","embeddable":true,"href":"https:\/\/zjarr.tv\/en\/wp-json\/wp\/v2\/categories?post=122903"},{"taxonomy":"post_tag","embeddable":true,"href":"https:\/\/zjarr.tv\/en\/wp-json\/wp\/v2\/tags?post=122903"}],"curies":[{"name":"wp","href":"https:\/\/api.w.org\/{rel}","templated":true}]}}