{"id":122921,"date":"2020-02-28T12:00:28","date_gmt":"2020-02-28T11:00:28","guid":{"rendered":"https:\/\/zjarr.tv\/?p=122921"},"modified":"2020-02-28T12:00:28","modified_gmt":"2020-02-28T11:00:28","slug":"rama-gazetareve-presidentin-jua-kam-lene-ju-luks-i-madh-per-mua","status":"publish","type":"post","link":"https:\/\/zjarr.tv\/en\/rama-gazetareve-presidentin-jua-kam-lene-ju-luks-i-madh-per-mua\/","title":{"rendered":"Rama, gazetar\u00ebve: Presidentin jua kam l\u00ebn\u00eb ju, luks i madh p\u00ebr mua"},"content":{"rendered":"<p>Kryeministri Edi Rama shmangu komentet p\u00ebr \u00a0tubimin e 2 marsit t\u00eb thirrur nga Presidenti Meta kund\u00ebr atij q\u00eb e konsideron grusht shteti nga mazhoranca.<\/p>\n<p><em><strong>Rama:\u00a0<\/strong>Presidenti e ka sht\u00ebpin\u00eb, m\u00eb shum\u00eb se nj\u00eb sht\u00ebpi. Un\u00eb jam k\u00ebtu p\u00ebr sht\u00ebpit\u00eb e atyre q\u00eb jetojn\u00eb n\u00eb \u00e7adra, apo sht\u00ebpit\u00eb e t\u00eb tjer\u00ebve me qira dhe presin t\u00eb kthehen n\u00eb sht\u00ebpit\u00eb e tyre. P\u00ebr ata jam un\u00eb k\u00ebtu, jo thjesht n\u00eb k\u00ebt\u00eb konferenc\u00eb por n\u00eb t\u00eb gjitha or\u00ebt e dit\u00ebs sime me gjith\u00eb nat\u00ebn. Jua kam l\u00ebn\u00eb juve \u00e7\u00ebshtjen e presidentit, un\u00eb nuk merrem me presidentin. \u00cbsht\u00eb shum\u00eb luks i madh p\u00ebr mua.<\/em><\/p>\n<p>Deklarat\u00ebn Rama e b\u00ebri gjat\u00eb konferenc\u00ebs p\u00ebr prezantimin e projekteve p\u00ebr rind\u00ebrtimin.<\/p>","protected":false},"excerpt":{"rendered":"<p>Kryeministri Edi Rama shmangu komentet p\u00ebr \u00a0tubimin e 2 marsit t\u00eb thirrur nga Presidenti Meta kund\u00ebr atij q\u00eb e konsideron grusht shteti nga mazhoranca. Rama:\u00a0Presidenti e ka sht\u00ebpin\u00eb, m\u00eb shum\u00eb se nj\u00eb sht\u00ebpi. Un\u00eb jam k\u00ebtu p\u00ebr sht\u00ebpit\u00eb e atyre q\u00eb jetojn\u00eb n\u00eb \u00e7adra, apo sht\u00ebpit\u00eb e t\u00eb tjer\u00ebve me qira dhe presin t\u00eb kthehen [&hellip;]<\/p>\n","protected":false},"author":2013,"featured_media":0,"comment_status":"open","ping_status":"closed","sticky":false,"template":"","format":"standard","meta":{"footnotes":""},"categories":[241,235],"tags":[],"class_list":{"0":"post-122921","1":"post","2":"type-post","3":"status-publish","4":"format-standard","6":"category-aktualitet","7":"category-vendi"},"_links":{"self":[{"href":"https:\/\/zjarr.tv\/en\/wp-json\/wp\/v2\/posts\/122921","targetHints":{"allow":["GET"]}}],"collection":[{"href":"https:\/\/zjarr.tv\/en\/wp-json\/wp\/v2\/posts"}],"about":[{"href":"https:\/\/zjarr.tv\/en\/wp-json\/wp\/v2\/types\/post"}],"author":[{"embeddable":true,"href":"https:\/\/zjarr.tv\/en\/wp-json\/wp\/v2\/users\/2013"}],"replies":[{"embeddable":true,"href":"https:\/\/zjarr.tv\/en\/wp-json\/wp\/v2\/comments?post=122921"}],"version-history":[{"count":0,"href":"https:\/\/zjarr.tv\/en\/wp-json\/wp\/v2\/posts\/122921\/revisions"}],"wp:attachment":[{"href":"https:\/\/zjarr.tv\/en\/wp-json\/wp\/v2\/media?parent=122921"}],"wp:term":[{"taxonomy":"category","embeddable":true,"href":"https:\/\/zjarr.tv\/en\/wp-json\/wp\/v2\/categories?post=122921"},{"taxonomy":"post_tag","embeddable":true,"href":"https:\/\/zjarr.tv\/en\/wp-json\/wp\/v2\/tags?post=122921"}],"curies":[{"name":"wp","href":"https:\/\/api.w.org\/{rel}","templated":true}]}}