{"id":122930,"date":"2020-02-28T12:06:58","date_gmt":"2020-02-28T11:06:58","guid":{"rendered":"https:\/\/zjarr.tv\/?p=122930"},"modified":"2020-02-28T12:06:58","modified_gmt":"2020-02-28T11:06:58","slug":"arrestimi-i-henri-cilit-kryeprokurori-cela-zbatimi-i-ligjit-reforma-ne-drejtesi-keto-jane-rezultatet","status":"publish","type":"post","link":"https:\/\/zjarr.tv\/en\/arrestimi-i-henri-cilit-kryeprokurori-cela-zbatimi-i-ligjit-reforma-ne-drejtesi-keto-jane-rezultatet\/","title":{"rendered":"Arrestimi i Henri \u00c7ilit\/ Kryeprokurori \u00c7ela: Zbatimi i ligjit, reforma n\u00eb drejt\u00ebsi, k\u00ebto jan\u00eb rezultatet"},"content":{"rendered":"<p>Prokurori i P\u00ebrgjithsh\u00ebm Olsian \u00c7ela e lidhi arrestimin e botuesit Henri \u00c7ili me reform\u00ebn n\u00eb drejt\u00ebsi. \u00a0pas analiz\u00ebs s\u00eb KLSH n\u00eb Vlor\u00eb ku ishte i pranish\u00ebm, \u00c7ela \u00ebsht\u00eb pyetur p\u00ebr padin\u00eb e Presidentit t\u00eb Republik\u00ebs Ilir Meta n\u00eb SPAK p\u00ebr ministren e Drejt\u00ebsis\u00eb Etilda Gjonaj por nuk ka preferuar t\u00eb prononcohet duke th\u00ebn\u00eb se nuk ka lidhje.<\/p>\n<p>Sa i p\u00ebrket arrestimit t\u00eb \u00c7ilit ai u mjaftua duke th\u00ebn\u00eb se \u00ebsht\u00eb \u201cpuna e prokuroris\u00eb s\u00eb pavarur, zbatimi i ligjit, reforma n\u00eb drejt\u00ebsi, k\u00ebto jan\u00eb rezultatet\u201d.<\/p>\n<div id=\"sticky-video--placeholder\"><\/div>","protected":false},"excerpt":{"rendered":"<p>Prokurori i P\u00ebrgjithsh\u00ebm Olsian \u00c7ela e lidhi arrestimin e botuesit Henri \u00c7ili me reform\u00ebn n\u00eb drejt\u00ebsi. \u00a0pas analiz\u00ebs s\u00eb KLSH n\u00eb Vlor\u00eb ku ishte i pranish\u00ebm, \u00c7ela \u00ebsht\u00eb pyetur p\u00ebr padin\u00eb e Presidentit t\u00eb Republik\u00ebs Ilir Meta n\u00eb SPAK p\u00ebr ministren e Drejt\u00ebsis\u00eb Etilda Gjonaj por nuk ka preferuar t\u00eb prononcohet duke th\u00ebn\u00eb se nuk [&hellip;]<\/p>\n","protected":false},"author":2013,"featured_media":122931,"comment_status":"open","ping_status":"closed","sticky":false,"template":"","format":"standard","meta":{"footnotes":""},"categories":[241,235],"tags":[],"class_list":{"0":"post-122930","1":"post","2":"type-post","3":"status-publish","4":"format-standard","5":"has-post-thumbnail","7":"category-aktualitet","8":"category-vendi"},"_links":{"self":[{"href":"https:\/\/zjarr.tv\/en\/wp-json\/wp\/v2\/posts\/122930","targetHints":{"allow":["GET"]}}],"collection":[{"href":"https:\/\/zjarr.tv\/en\/wp-json\/wp\/v2\/posts"}],"about":[{"href":"https:\/\/zjarr.tv\/en\/wp-json\/wp\/v2\/types\/post"}],"author":[{"embeddable":true,"href":"https:\/\/zjarr.tv\/en\/wp-json\/wp\/v2\/users\/2013"}],"replies":[{"embeddable":true,"href":"https:\/\/zjarr.tv\/en\/wp-json\/wp\/v2\/comments?post=122930"}],"version-history":[{"count":0,"href":"https:\/\/zjarr.tv\/en\/wp-json\/wp\/v2\/posts\/122930\/revisions"}],"wp:featuredmedia":[{"embeddable":true,"href":"https:\/\/zjarr.tv\/en\/wp-json\/wp\/v2\/media\/122931"}],"wp:attachment":[{"href":"https:\/\/zjarr.tv\/en\/wp-json\/wp\/v2\/media?parent=122930"}],"wp:term":[{"taxonomy":"category","embeddable":true,"href":"https:\/\/zjarr.tv\/en\/wp-json\/wp\/v2\/categories?post=122930"},{"taxonomy":"post_tag","embeddable":true,"href":"https:\/\/zjarr.tv\/en\/wp-json\/wp\/v2\/tags?post=122930"}],"curies":[{"name":"wp","href":"https:\/\/api.w.org\/{rel}","templated":true}]}}