{"id":122933,"date":"2020-02-28T12:17:05","date_gmt":"2020-02-28T11:17:05","guid":{"rendered":"https:\/\/zjarr.tv\/?p=122933"},"modified":"2020-02-28T12:17:05","modified_gmt":"2020-02-28T11:17:05","slug":"basha-duhet-pergatitje-serioze-per-masat-kunder-koronavirusit","status":"publish","type":"post","link":"https:\/\/zjarr.tv\/en\/basha-duhet-pergatitje-serioze-per-masat-kunder-koronavirusit\/","title":{"rendered":"Basha: Duhet p\u00ebrgatitje serioze p\u00ebr masat kund\u00ebr koronavirusit"},"content":{"rendered":"<p>Lideri i opozit\u00ebs, Lulzim Basha deklaroi se PD po ndjek nga af\u00ebr situat\u00ebn, p\u00ebr marrjen e masave kund\u00ebr p\u00ebrhapjes s\u00eb koronavirusit n\u00eb vend.<\/p>\n<p>P\u00ebrmes nj\u00eb reagimi n\u00eb \u2018Twitter\u2019 Basha tha se grupet e pun\u00ebs s\u00eb PD, ndodhen ai i b\u00ebn thirrje qeveris\u00eb q\u00eb t\u00eb heq\u00eb dor\u00eb sipas tij nga propaganda.<\/p>\n<div id=\"pa_1x1_psbk_1582888568164\"><\/div>\n<p>\u201cPD po ndjek seriozisht dhe me p\u00ebrgjegj\u00ebsi situat\u00ebn p\u00ebr marrjen e masave kund\u00ebr p\u00ebrhapjes s\u00eb corona virus-it n\u00eb vend. Grupe pune po kryejn\u00eb verifikime pran\u00eb qendrave sh\u00ebndet\u00ebsore, spitaleve &amp; vendkalimeve kufitare, dhe gjendja nuk \u00ebsht\u00eb si\u00e7 e paraqet propaganda e qeveris\u00eb. N\u00eb pjes\u00ebn m\u00eb t\u00eb madhe t\u00eb qendrave mungojn\u00eb pajisjet mbrojt\u00ebse dhe spitalore. Duhet URGJENT heqje dor\u00eb nga propaganda dhe p\u00ebrgatitje serioze p\u00ebr p\u00ebrballimin e situat\u00ebs s\u00eb mundshme t\u00eb corona virus-it q\u00eb tashm\u00eb \u00ebsht\u00eb i pranish\u00ebm n\u00eb pothuajse t\u00eb gjitha vendet fqinje me Shqip\u00ebrin\u00eb.\u201d, shkruan Basha.<\/p>\n<div class=\"galery-slider\"><\/div>","protected":false},"excerpt":{"rendered":"<p>Lideri i opozit\u00ebs, Lulzim Basha deklaroi se PD po ndjek nga af\u00ebr situat\u00ebn, p\u00ebr marrjen e masave kund\u00ebr p\u00ebrhapjes s\u00eb koronavirusit n\u00eb vend. P\u00ebrmes nj\u00eb reagimi n\u00eb \u2018Twitter\u2019 Basha tha se grupet e pun\u00ebs s\u00eb PD, ndodhen ai i b\u00ebn thirrje qeveris\u00eb q\u00eb t\u00eb heq\u00eb dor\u00eb sipas tij nga propaganda. \u201cPD po ndjek seriozisht dhe [&hellip;]<\/p>\n","protected":false},"author":2013,"featured_media":122023,"comment_status":"open","ping_status":"closed","sticky":false,"template":"","format":"standard","meta":{"footnotes":""},"categories":[241,235],"tags":[],"class_list":{"0":"post-122933","1":"post","2":"type-post","3":"status-publish","4":"format-standard","5":"has-post-thumbnail","7":"category-aktualitet","8":"category-vendi"},"_links":{"self":[{"href":"https:\/\/zjarr.tv\/en\/wp-json\/wp\/v2\/posts\/122933","targetHints":{"allow":["GET"]}}],"collection":[{"href":"https:\/\/zjarr.tv\/en\/wp-json\/wp\/v2\/posts"}],"about":[{"href":"https:\/\/zjarr.tv\/en\/wp-json\/wp\/v2\/types\/post"}],"author":[{"embeddable":true,"href":"https:\/\/zjarr.tv\/en\/wp-json\/wp\/v2\/users\/2013"}],"replies":[{"embeddable":true,"href":"https:\/\/zjarr.tv\/en\/wp-json\/wp\/v2\/comments?post=122933"}],"version-history":[{"count":0,"href":"https:\/\/zjarr.tv\/en\/wp-json\/wp\/v2\/posts\/122933\/revisions"}],"wp:featuredmedia":[{"embeddable":true,"href":"https:\/\/zjarr.tv\/en\/wp-json\/wp\/v2\/media\/122023"}],"wp:attachment":[{"href":"https:\/\/zjarr.tv\/en\/wp-json\/wp\/v2\/media?parent=122933"}],"wp:term":[{"taxonomy":"category","embeddable":true,"href":"https:\/\/zjarr.tv\/en\/wp-json\/wp\/v2\/categories?post=122933"},{"taxonomy":"post_tag","embeddable":true,"href":"https:\/\/zjarr.tv\/en\/wp-json\/wp\/v2\/tags?post=122933"}],"curies":[{"name":"wp","href":"https:\/\/api.w.org\/{rel}","templated":true}]}}