{"id":122939,"date":"2020-02-28T14:12:13","date_gmt":"2020-02-28T13:12:13","guid":{"rendered":"https:\/\/zjarr.tv\/?p=122939"},"modified":"2020-02-28T14:13:13","modified_gmt":"2020-02-28T13:13:13","slug":"turqia-ka-hapur-portat-me-greqine-dhe-bullgarine-duke-leshuar-nje-vale-refugjatesh-ne-shumice-siriane-e-afganistane-ne-kufijte-e-europes-vendimi-eshte-provokuar-nga-kriza-ne-siri-qe-po-rrit-bilancin","status":"publish","type":"post","link":"https:\/\/zjarr.tv\/en\/turqia-ka-hapur-portat-me-greqine-dhe-bullgarine-duke-leshuar-nje-vale-refugjatesh-ne-shumice-siriane-e-afganistane-ne-kufijte-e-europes-vendimi-eshte-provokuar-nga-kriza-ne-siri-qe-po-rrit-bilancin\/","title":{"rendered":"Megaoperacioni ku u arrestua dhe Henri \u00c7ili, reagon Lleshaj: Rezultate t\u00eb reform\u00ebs n\u00eb drejt\u00ebsi"},"content":{"rendered":"<p>Pas megaoperacionit t\u00eb zhvilluar t\u00eb premten n\u00eb or\u00ebt e para t\u00eb m\u00ebngjesit, ku u arrestuan dhjet\u00ebra persona p\u00ebr trafik droge, mes tyre dhe gazetari dhe botuesi Henri \u00c7ili i akuzuar p\u00ebr korrupsion, reagoi ministri Sand\u00ebr Lleshaj. Kreu i ministris\u00eb s\u00eb Brendshme e cil\u00ebson k\u00ebt\u00eb nj\u00eb jet\u00ebr prov\u00eb t\u00eb r\u00ebnd\u00ebishme t\u00eb seriozitetit q\u00eb dhan\u00eb Policia dhe Prokuroria.<\/p>\n<p>Lleshaj:\u00a0<em>Policia dhe Prokuroria dhan\u00eb sot nj\u00eb tjet\u00ebr prov\u00eb t\u00eb r\u00ebnd\u00ebsishme t\u00eb seriozitetit n\u00eb luft\u00ebn e p\u00ebrbashk\u00ebt kund\u00ebr krimit t\u00eb organizuar. \u00a0Reforma n\u00eb Drejt\u00ebsi po sjell p\u00ebrdit\u00eb rezultate. Droga dhe krimi nuk mund t\u00eb ken\u00eb vend tek ne. \u00a0P\u00ebrg\u00ebzime p\u00ebr pun\u00ebn e Policis\u00eb dhe Prokuroris\u00eb.<\/em><\/p>\n<p>N\u00eb megaoperacionin e Policis\u00eb s\u00eb Shtetit, pas hetimeve t\u00eb Prokuroris\u00eb, u vun\u00eb n\u00eb pranga mbi 30 persona, nd\u00ebrsa disa t\u00eb tjer\u00eb jan\u00eb shpallur n\u00eb k\u00ebrkim. Mes t\u00eb ndaluar\u00ebve \u00ebsht\u00eb dhe gazetari, botuesi dhe pronari i nj\u00eb universiteti privat, Henri \u00c7ili, i cili dyshohet se ka nd\u00ebrhyr\u00eb n\u00eb nj\u00eb proces gjyq\u00ebsor p\u00ebr leht\u00ebsimin e mas\u00ebs s\u00eb arrestit ndaj shtetasit Arbion Aliko.<\/p>","protected":false},"excerpt":{"rendered":"<p>Pas megaoperacionit t\u00eb zhvilluar t\u00eb premten n\u00eb or\u00ebt e para t\u00eb m\u00ebngjesit, ku u arrestuan dhjet\u00ebra persona p\u00ebr trafik droge, mes tyre dhe gazetari dhe botuesi Henri \u00c7ili i akuzuar p\u00ebr korrupsion, reagoi ministri Sand\u00ebr Lleshaj. Kreu i ministris\u00eb s\u00eb Brendshme e cil\u00ebson k\u00ebt\u00eb nj\u00eb jet\u00ebr prov\u00eb t\u00eb r\u00ebnd\u00ebishme t\u00eb seriozitetit q\u00eb dhan\u00eb Policia dhe [&hellip;]<\/p>\n","protected":false},"author":2013,"featured_media":91055,"comment_status":"open","ping_status":"closed","sticky":false,"template":"","format":"standard","meta":{"footnotes":""},"categories":[241,235],"tags":[],"class_list":{"0":"post-122939","1":"post","2":"type-post","3":"status-publish","4":"format-standard","5":"has-post-thumbnail","7":"category-aktualitet","8":"category-vendi"},"_links":{"self":[{"href":"https:\/\/zjarr.tv\/en\/wp-json\/wp\/v2\/posts\/122939","targetHints":{"allow":["GET"]}}],"collection":[{"href":"https:\/\/zjarr.tv\/en\/wp-json\/wp\/v2\/posts"}],"about":[{"href":"https:\/\/zjarr.tv\/en\/wp-json\/wp\/v2\/types\/post"}],"author":[{"embeddable":true,"href":"https:\/\/zjarr.tv\/en\/wp-json\/wp\/v2\/users\/2013"}],"replies":[{"embeddable":true,"href":"https:\/\/zjarr.tv\/en\/wp-json\/wp\/v2\/comments?post=122939"}],"version-history":[{"count":0,"href":"https:\/\/zjarr.tv\/en\/wp-json\/wp\/v2\/posts\/122939\/revisions"}],"wp:featuredmedia":[{"embeddable":true,"href":"https:\/\/zjarr.tv\/en\/wp-json\/wp\/v2\/media\/91055"}],"wp:attachment":[{"href":"https:\/\/zjarr.tv\/en\/wp-json\/wp\/v2\/media?parent=122939"}],"wp:term":[{"taxonomy":"category","embeddable":true,"href":"https:\/\/zjarr.tv\/en\/wp-json\/wp\/v2\/categories?post=122939"},{"taxonomy":"post_tag","embeddable":true,"href":"https:\/\/zjarr.tv\/en\/wp-json\/wp\/v2\/tags?post=122939"}],"curies":[{"name":"wp","href":"https:\/\/api.w.org\/{rel}","templated":true}]}}