{"id":122948,"date":"2020-02-28T14:19:46","date_gmt":"2020-02-28T13:19:46","guid":{"rendered":"https:\/\/zjarr.tv\/?p=122948"},"modified":"2020-02-28T14:19:46","modified_gmt":"2020-02-28T13:19:46","slug":"video-helmohen-shtate-nxenes-ne-shkollen-janaq-kilica-ne-fier","status":"publish","type":"post","link":"https:\/\/zjarr.tv\/en\/video-helmohen-shtate-nxenes-ne-shkollen-janaq-kilica-ne-fier\/","title":{"rendered":"Video\/ Helmohen shtat\u00eb nx\u00ebn\u00ebs n\u00eb shkoll\u00ebn &#8220;Janaq Kilica&#8221; n\u00eb Fier"},"content":{"rendered":"<p>Helmohen shtat\u00eb nx\u00ebn\u00ebs n\u00eb shkoll\u00ebn &#8220;Janaq Kilica&#8221; n\u00eb Fier.Nxenesit po realizonin nj\u00eb eksperiment n\u00eb laboratorin e kimis\u00eb.Si rezultat i nj\u00eb reaksioni kimik nx\u00ebn\u00ebsit gjat\u00eb procesit m\u00ebsimor kan\u00eb p\u00ebsuar asfiksi&#8230;Me urgjenc\u00eb ka mbritur ndihma spitalore duke transportuar nx n\u00eb spital.Kane mbritur dhe forcat e policis\u00eb si dhe sh\u00ebrbimi zjarrfik\u00ebs..Fillimisht u tha se asfiksia ishte shkaktuar nga rrjedhja e gazit nga kaldaja ngroh\u00ebse por pak minuta m\u00eb von\u00eb u m\u00ebsua se cili ishte shkaku.Ne shkoll\u00eb u krijua panik&#8230;I gjith\u00eb procesi mesimor u pezullua&#8230;sepse nx braktis\u00ebn shkoll\u00ebn nd\u00ebrsa filluan hetimet p\u00ebr detaje t\u00eb shkakut t\u00eb k\u00ebtij incidenti q\u00eb solli panik dhe t\u00eb r\u00ebnduar nga sh\u00ebndeti&#8230;Burimet e deri tanishme thon\u00eb se nx\u00ebn\u00ebsit jan\u00eb n\u00ebn sh\u00ebrbim intensiv mjeksore dhe jasht\u00eb rrezikut p\u00ebr jet\u00ebn.<\/p>\n<div class=\"youtube-embed\" data-video_id=\"qq6N6A6mYLw\"><iframe loading=\"lazy\" title=\"Helmohen disa nxenes ne shkollen Janaq Kilica\" width=\"696\" height=\"392\" src=\"https:\/\/www.youtube.com\/embed\/qq6N6A6mYLw?feature=oembed&#038;enablejsapi=1\" frameborder=\"0\" allow=\"accelerometer; autoplay; clipboard-write; encrypted-media; gyroscope; picture-in-picture\" allowfullscreen><\/iframe><\/div>","protected":false},"excerpt":{"rendered":"<p>Helmohen shtat\u00eb nx\u00ebn\u00ebs n\u00eb shkoll\u00ebn &#8220;Janaq Kilica&#8221; n\u00eb Fier.Nxenesit po realizonin nj\u00eb eksperiment n\u00eb laboratorin e kimis\u00eb.Si rezultat i nj\u00eb reaksioni kimik nx\u00ebn\u00ebsit gjat\u00eb procesit m\u00ebsimor kan\u00eb p\u00ebsuar asfiksi&#8230;Me urgjenc\u00eb ka mbritur ndihma spitalore duke transportuar nx n\u00eb spital.Kane mbritur dhe forcat e policis\u00eb si dhe sh\u00ebrbimi zjarrfik\u00ebs..Fillimisht u tha se asfiksia ishte shkaktuar nga [&hellip;]<\/p>\n","protected":false},"author":2013,"featured_media":38161,"comment_status":"open","ping_status":"closed","sticky":false,"template":"","format":"standard","meta":{"footnotes":""},"categories":[241,235],"tags":[],"class_list":{"0":"post-122948","1":"post","2":"type-post","3":"status-publish","4":"format-standard","5":"has-post-thumbnail","7":"category-aktualitet","8":"category-vendi"},"_links":{"self":[{"href":"https:\/\/zjarr.tv\/en\/wp-json\/wp\/v2\/posts\/122948","targetHints":{"allow":["GET"]}}],"collection":[{"href":"https:\/\/zjarr.tv\/en\/wp-json\/wp\/v2\/posts"}],"about":[{"href":"https:\/\/zjarr.tv\/en\/wp-json\/wp\/v2\/types\/post"}],"author":[{"embeddable":true,"href":"https:\/\/zjarr.tv\/en\/wp-json\/wp\/v2\/users\/2013"}],"replies":[{"embeddable":true,"href":"https:\/\/zjarr.tv\/en\/wp-json\/wp\/v2\/comments?post=122948"}],"version-history":[{"count":0,"href":"https:\/\/zjarr.tv\/en\/wp-json\/wp\/v2\/posts\/122948\/revisions"}],"wp:featuredmedia":[{"embeddable":true,"href":"https:\/\/zjarr.tv\/en\/wp-json\/wp\/v2\/media\/38161"}],"wp:attachment":[{"href":"https:\/\/zjarr.tv\/en\/wp-json\/wp\/v2\/media?parent=122948"}],"wp:term":[{"taxonomy":"category","embeddable":true,"href":"https:\/\/zjarr.tv\/en\/wp-json\/wp\/v2\/categories?post=122948"},{"taxonomy":"post_tag","embeddable":true,"href":"https:\/\/zjarr.tv\/en\/wp-json\/wp\/v2\/tags?post=122948"}],"curies":[{"name":"wp","href":"https:\/\/api.w.org\/{rel}","templated":true}]}}