{"id":122951,"date":"2020-02-28T14:28:52","date_gmt":"2020-02-28T13:28:52","guid":{"rendered":"https:\/\/zjarr.tv\/?p=122951"},"modified":"2020-02-28T14:28:52","modified_gmt":"2020-02-28T13:28:52","slug":"ofl-i-dergon-formularin-dy-te-denuarve-ne-kruje-dhe-elbasan","status":"publish","type":"post","link":"https:\/\/zjarr.tv\/en\/ofl-i-dergon-formularin-dy-te-denuarve-ne-kruje-dhe-elbasan\/","title":{"rendered":"OFL i d\u00ebrgon formularin dy t\u00eb d\u00ebnuarve n\u00eb Kruj\u00eb dhe Elbasan"},"content":{"rendered":"<p>Operacioni i Forcave t\u00eb Ligjit i d\u00ebrgon formularin p\u00ebr justifikimin e pasuris\u00eb Flamur Hak\u00ebs nga Nikla t\u00eb d\u00ebnuar p\u00ebr vjedhje me dhun\u00eb dhe Talo \u00c7el\u00ebs nga Elbasani t\u00eb d\u00ebnuar p\u00ebr\u00a0 \u201cTrafikim i l\u00ebnd\u00ebve narkotike\u201d.<\/p>\n<p>&#8220;K\u00ebta individ\u00eb, si subjekt i Ligjit Special, duhet t\u2019u p\u00ebrgjigjen me shkrim, brenda 48 or\u00ebsh, t\u00eb gjitha pyetjeve t\u00eb OFL-s\u00eb. M\u00eb pas, p\u00ebrgjigjet e marra do t\u2019i d\u00ebrgohen SPAK-ut, p\u00ebr veprime t\u00eb m\u00ebtejshme.<\/p>\n<p>OFL \u00ebsht\u00eb n\u00eb veprim t\u00eb pand\u00ebrprer\u00eb dhe n\u00eb kryerje t\u00eb veprimeve komplekse, p\u00ebr t\u00eb evidentuar dhe d\u00ebrguar n\u00eb SPAK, t\u00eb gjith\u00eb personat q\u00eb jan\u00eb subjekt i Ligjit Special,&#8221;, njofton Policia e Shtetit.<\/p>\n<p><strong>Ja njoftimi i plot\u00eb:<\/strong><\/p>\n<p>OFL, 28 shkurt<\/p>\n<p>N\u00eb zbatim t\u00eb detyrave t\u00eb p\u00ebrcaktuara n\u00eb Aktin Normativ t\u00eb dat\u00ebs 31 janar 2020, vijon operacioni Forca e Ligjit, n\u00eb bashk\u00ebpunim me strukturat vendore t\u00eb Policis\u00eb, p\u00ebr d\u00ebrgimin e k\u00ebrkesave p\u00ebr vet\u00ebdeklarim t\u00eb pasuris\u00eb.<\/p>\n<p>N\u00eb k\u00ebt\u00eb kuad\u00ebr, OFL u ka d\u00ebrguar k\u00ebrkesat p\u00ebr vet\u00ebdeklarim t\u00eb pasuris\u00eb shtetasve:<\/p>\n<p>F. H., banues n\u00eb Kruj\u00eb, i d\u00ebnuar p\u00ebr vepr\u00ebn penale &#8220;Vjedhja me dhun\u00eb&#8221;;<\/p>\n<p>T. \u00c7., banues n\u00eb Elbasan, i d\u00ebnuar p\u00ebr vepr\u00ebn penale \u201cTrafikim i l\u00ebnd\u00ebve narkotike\u201d;<\/p>\n<p>K\u00ebta individ\u00eb, si subjekt i Ligjit Special, duhet t\u2019u p\u00ebrgjigjen me shkrim, brenda 48 or\u00ebsh, t\u00eb gjitha pyetjeve t\u00eb OFL-s\u00eb.<\/p>\n<p>M\u00eb pas, p\u00ebrgjigjet e marra do t\u2019i d\u00ebrgohen SPAK-ut, p\u00ebr veprime t\u00eb m\u00ebtejshme.<\/p>\n<p>OFL \u00ebsht\u00eb n\u00eb veprim t\u00eb pand\u00ebrprer\u00eb dhe n\u00eb kryerje t\u00eb veprimeve komplekse, p\u00ebr t\u00eb evidentuar dhe d\u00ebrguar n\u00eb SPAK, t\u00eb gjith\u00eb personat q\u00eb jan\u00eb subjekt i Ligjit Special.<\/p>\n<p>OFL do t\u00eb informoj\u00eb publikun n\u00eb vijim\u00ebsi p\u00ebr t\u00eb gjitha nismat procedurale dhe operacionet ekzekutive q\u00eb do t\u00eb kryej\u00eb.<\/p>","protected":false},"excerpt":{"rendered":"<p>Operacioni i Forcave t\u00eb Ligjit i d\u00ebrgon formularin p\u00ebr justifikimin e pasuris\u00eb Flamur Hak\u00ebs nga Nikla t\u00eb d\u00ebnuar p\u00ebr vjedhje me dhun\u00eb dhe Talo \u00c7el\u00ebs nga Elbasani t\u00eb d\u00ebnuar p\u00ebr\u00a0 \u201cTrafikim i l\u00ebnd\u00ebve narkotike\u201d. &#8220;K\u00ebta individ\u00eb, si subjekt i Ligjit Special, duhet t\u2019u p\u00ebrgjigjen me shkrim, brenda 48 or\u00ebsh, t\u00eb gjitha pyetjeve t\u00eb OFL-s\u00eb. M\u00eb [&hellip;]<\/p>\n","protected":false},"author":2013,"featured_media":121248,"comment_status":"open","ping_status":"closed","sticky":false,"template":"","format":"standard","meta":{"footnotes":""},"categories":[241,235],"tags":[],"class_list":{"0":"post-122951","1":"post","2":"type-post","3":"status-publish","4":"format-standard","5":"has-post-thumbnail","7":"category-aktualitet","8":"category-vendi"},"_links":{"self":[{"href":"https:\/\/zjarr.tv\/en\/wp-json\/wp\/v2\/posts\/122951","targetHints":{"allow":["GET"]}}],"collection":[{"href":"https:\/\/zjarr.tv\/en\/wp-json\/wp\/v2\/posts"}],"about":[{"href":"https:\/\/zjarr.tv\/en\/wp-json\/wp\/v2\/types\/post"}],"author":[{"embeddable":true,"href":"https:\/\/zjarr.tv\/en\/wp-json\/wp\/v2\/users\/2013"}],"replies":[{"embeddable":true,"href":"https:\/\/zjarr.tv\/en\/wp-json\/wp\/v2\/comments?post=122951"}],"version-history":[{"count":0,"href":"https:\/\/zjarr.tv\/en\/wp-json\/wp\/v2\/posts\/122951\/revisions"}],"wp:featuredmedia":[{"embeddable":true,"href":"https:\/\/zjarr.tv\/en\/wp-json\/wp\/v2\/media\/121248"}],"wp:attachment":[{"href":"https:\/\/zjarr.tv\/en\/wp-json\/wp\/v2\/media?parent=122951"}],"wp:term":[{"taxonomy":"category","embeddable":true,"href":"https:\/\/zjarr.tv\/en\/wp-json\/wp\/v2\/categories?post=122951"},{"taxonomy":"post_tag","embeddable":true,"href":"https:\/\/zjarr.tv\/en\/wp-json\/wp\/v2\/tags?post=122951"}],"curies":[{"name":"wp","href":"https:\/\/api.w.org\/{rel}","templated":true}]}}