{"id":122959,"date":"2020-02-28T15:18:39","date_gmt":"2020-02-28T14:18:39","guid":{"rendered":"https:\/\/zjarr.tv\/?p=122959"},"modified":"2020-02-28T15:18:39","modified_gmt":"2020-02-28T14:18:39","slug":"nexhmije-hoxha-barbare-me-fytyre-njeriu-me-zemer-te-lige-berisha-e-kishte-caktuar-edi-ramen-per-kryetar-te-opozites","status":"publish","type":"post","link":"https:\/\/zjarr.tv\/en\/nexhmije-hoxha-barbare-me-fytyre-njeriu-me-zemer-te-lige-berisha-e-kishte-caktuar-edi-ramen-per-kryetar-te-opozites\/","title":{"rendered":"\u201cNexhmije Hoxha barbare me fytyr\u00eb njeriu, me zem\u00ebr t\u00eb lig\u00eb\u201d, Berisha: E kishte caktuar Edi Ram\u00ebn p\u00ebr kryetar t\u00eb opozit\u00ebs"},"content":{"rendered":"<p>Ish-kryeministri Sali Berisha e ka quajtur barbare, terroriste e most\u00ebr, gruan e diktatorit Enver Hoxha, Nexhmije Hoxha, e cila u nda nga jeta dy dit\u00eb m\u00eb par\u00eb. N\u00eb nj\u00eb postim n\u00eb \u201cFacebook\u201d, Berisha shkruan se ajo ishte p\u00ebr 45 vite bashkautore n\u00eb t\u00eb gjitha krimet e luft\u00ebs dhe krimet kund\u00ebr njer\u00ebzimit, gjenocidin dhe infanticidin, skllav\u00ebrin\u00eb shtet\u00ebrore dhe hiperkolektivizimin, izolimin dhe indoktrinimin, vdekjet nga uria q\u00eb bashk\u00ebshorti i saj ushtroi me klik\u00ebn e tij terroriste ndaj popullit shqiptar.<\/p>\n<p>Por teksa kujton nj\u00eb aksiom\u00eb latine \u2018p\u00ebr t\u00eb vdekurit mir\u00eb ose asgj\u00eb\u2019 Berisha thot\u00eb se nuk vlen dhe nuk mund t\u00eb aplikohet kurr\u00eb p\u00ebr mostrat e njer\u00ebzimit si Hitleri, Stalini, Pol Poti, Enver Hoxha, Hitleri shqiptar i pas luft\u00ebs s\u00eb Dyt\u00eb Bot\u00ebrore as dhe bashk\u00ebshorten e tij most\u00ebr, Nexhmije Hoxha, nena shpirt\u00ebrore politike e Edvin Kristaq Xhelatit.<\/p>\n<p>Por ish-kryeministri rr\u00ebfen edhe se Nexhmije Hoxha sipas burimeve m\u00eb t\u00eb besueshme t\u00eb familjes s\u00eb saj, e kishte caktuar djalin e z\u00ebvend\u00ebsit t\u00eb saj Kristaq Xhelati p\u00ebr kryetar t\u00eb opozit\u00ebs, Partis\u00eb Demokratike t\u00eb Shqip\u00ebris\u00eb. K\u00ebt\u00eb akuz\u00eb publike Edvin Kristaq Xhelati nuk e p\u00ebrg\u00ebnjeshtroi kurr\u00eb ndonj\u00ebher\u00eb.<\/p>\n<p><strong>POSTIMI I BERISH\u00cbS<\/strong><br \/>\nDe mortibus aut bene aut nihil! (p\u00ebr t\u00eb vdekurit mir\u00eb ose asgj\u00eb)<br \/>\nN\u00eb vend t\u00eb nj\u00eb ngush\u00ebllimi p\u00ebr Edvin Kristaq Xhelatin!<\/p>\n<p>Miq, kjo aksiom\u00eb e lasht\u00eb dhe e men\u00e7ur latine \u00ebsht\u00eb e p\u00ebrshtatshme p\u00ebr njer\u00ebzit m\u00ebkatar\u00eb dhe vdekatar. Por kjo aksiom\u00eb nuk vlen, nuk mund t\u00eb aplikohet kurr\u00eb p\u00ebr mostrat e njer\u00ebzimit si Hitleri, Stalini, Pol Poti, Enver Hoxha, Hitleri shqiptar i pas luft\u00ebs s\u00eb Dyt\u00eb Bot\u00ebrore as dhe bashk\u00ebshorten e tij most\u00ebr, Nexhmije Hoxha, nena shpirt\u00ebrore politike e Edvin Kristaq Xhelatit.<\/p>\n<p>K\u00ebto pak rreshta po i shkruaj p\u00ebr dy arsye.<br \/>\nS\u00eb pari,p\u00ebr t\u2019ju rikujtuar shqiptar\u00ebve se v\u00ebrtet n\u00ebnat tona kan\u00eb lindur vajza, bija si Shenjtoren N\u00ebn\u00eb Tereza, q\u00eb me virtytet dhe p\u00ebrmasat e pakufishme t\u00eb shpirtit t\u00eb saj pushtoi zemrat e qytetar\u00ebve t\u00eb bot\u00ebs, dhe si askush tjet\u00ebr meritoi titullin e n\u00ebn\u00ebs s\u00eb mbar\u00eb njer\u00ebzimit.<br \/>\nPor shqiptare \u00ebsht\u00eb edhe vajza, gruaja, n\u00ebna most\u00ebr, unike n\u00eb rruzullin tok\u00ebsor me emrin Nexhmije Hoxha. Gruaja dhe vajza me fytyr\u00eb njer\u00ebzore, me shpirt terroristeje, si asnj\u00eb fem\u00ebr tjet\u00ebr me zem\u00ebr t\u00eb lig\u00eb sa vet lig\u00ebsia, ishte p\u00ebr 45 vite bashkautore n\u00eb t\u00eb gjitha krimet e luft\u00ebs dhe krimet kund\u00ebr njer\u00ebzimit, gjenocidin dhe infanticidin, skllav\u00ebrin\u00eb shtet\u00ebrore dhe hiperkolektivizimin, izolimin dhe indoktrinimin, vdekjet nga uria q\u00eb bashk\u00ebshorti i saj ushtroi me klik\u00ebn e tij terroriste ndaj popullit shqiptar.<\/p>\n<p>N\u00eb k\u00ebt\u00eb aspekt \u00e7do krahasim tjet\u00ebr i saj me personazhe nga let\u00ebrsia apo dhe jeta reale \u00ebsht\u00eb i pavler\u00eb p\u00ebrve\u00e7 titullimit t\u00eb saj \u201cmostra e kombit dhe mbar\u00eb njer\u00ebzimit\u201d. Ajo p\u00ebr dekada me radh\u00eb ndau me Hitlerin shqiptar t\u00eb pasluft\u00ebs si nj\u00eb kopje apo Hitlerice \u00e7do vrasje, ekzekutim, tortur\u00eb, burgim, internim t\u00eb dhjet\u00ebra mij\u00ebra burrave, grave, vajzave, t\u00eb rinjve, t\u00eb moshuarve, f\u00ebmij\u00ebve t\u00eb pafajsh\u00ebm t\u00eb Shqip\u00ebris\u00eb.<\/p>\n<p>Me k\u00ebt\u00eb raste do t\u00eb quaja n\u00ebn\u00ebn shpirt\u00ebrore t\u00eb Edvin Kristaq Xhelatit, duke perifrazuar Bernar Hanrry Levin, nj\u00eb barbare me fytyr\u00eb njeriu.<br \/>\nDuke d\u00ebnuar dhe nj\u00eb her\u00eb me forc\u00ebn m\u00eb t\u00eb madhe barbarit\u00eb e Hitleric\u00ebs, gruas most\u00ebr t\u00eb njer\u00ebzimit, d\u00ebnoj gjithashtu q\u00ebndrimin e birit t\u00eb saj shpirt\u00ebror Edvin Kristaq Xhelati p\u00ebr q\u00ebndrimin e tij ndaj saj.<\/p>\n<p>S\u00eb dyti miq, kam ndjekur me v\u00ebmendje q\u00ebndrimin e Edvin Kristaq Xhelatit duke ditur lidhjet e tij shpirt\u00ebrore me mostr\u00ebn, e cila sipas burimeve m\u00eb t\u00eb besueshme t\u00eb familjes s\u00eb saj, e kishte caktuar djalin e z\u00ebvend\u00ebsit t\u00eb saj Kristaq Xhelati p\u00ebr kryetar t\u00eb opozit\u00ebs, Partis\u00eb Demokratike t\u00eb Shqip\u00ebris\u00eb. K\u00ebt\u00eb akuz\u00eb publike Edvin Kristaq Xhelati nuk e p\u00ebrg\u00ebnjeshtroi kurr\u00eb ndonj\u00ebher\u00eb.<\/p>\n<p>K\u00ebto dite, n\u00eb detyrim ndaj n\u00ebn\u00ebs s\u00eb tij shpirt\u00ebrore ai b\u00ebri gjith\u00e7ka n\u00ebp\u00ebrmjet l\u00ebpir\u00ebsve t\u00eb tij, trinjak\u00ebve n\u00eb lig\u00ebsi dhe serviliz\u00ebm, mafioz\u00ebve Arben Malavita, Karlo Malavita, Ymer \u00c7orapja, q\u00eb n\u00eb mediat e tyre t\u00eb zbutej dhe mir\u00ebsohej e pafaj\u00ebsohej e t\u2019i b\u00ebhej makeup sa m\u00eb shum\u00eb n\u00eb ERTV-t\u00eb 2-4 t\u00eb tyre Hitleric\u00ebs shqiptar\u00eb t\u00eb Pasluft\u00ebs s\u00eb Dyt\u00eb Bot\u00ebrore, mostr\u00ebs s\u00eb njer\u00ebzimit, n\u00ebn\u00ebs shpirt\u00ebrore t\u00eb Edvin Kristaq Xhelatit, barbares me fytyr\u00eb njeriu, Nexhmije Hoxh\u00ebs duke treguar edhe nj\u00eb her\u00eb veten bir bastard i et\u00ebrve t\u00eb tij mizore! sb<\/p>\n<figure id=\"attachment_1243968\" class=\"wp-caption alignnone\"><a href=\"https:\/\/www.balkanweb.com\/wp-content\/uploads\/2020\/02\/Berisha-fb-2.png\" rel=\"lightbox\"><img loading=\"lazy\" decoding=\"async\" class=\"wp-image-1243968 size-full\" src=\"https:\/\/www.balkanweb.com\/wp-content\/uploads\/2020\/02\/Berisha-fb-2.png\" sizes=\"auto, (max-width: 503px) 100vw, 503px\" srcset=\"https:\/\/www.balkanweb.com\/wp-content\/uploads\/2020\/02\/Berisha-fb-2.png 503w, https:\/\/www.balkanweb.com\/wp-content\/uploads\/2020\/02\/Berisha-fb-2-146x280.png 146w, https:\/\/www.balkanweb.com\/wp-content\/uploads\/2020\/02\/Berisha-fb-2-182x350.png 182w, https:\/\/www.balkanweb.com\/wp-content\/uploads\/2020\/02\/Berisha-fb-2-137x263.png 137w, https:\/\/www.balkanweb.com\/wp-content\/uploads\/2020\/02\/Berisha-fb-2-42x80.png 42w, https:\/\/www.balkanweb.com\/wp-content\/uploads\/2020\/02\/Berisha-fb-2-234x450.png 234w\" alt=\"Berisha Fb\" width=\"503\" height=\"966\" \/><\/a><\/figure>","protected":false},"excerpt":{"rendered":"<p>Ish-kryeministri Sali Berisha e ka quajtur barbare, terroriste e most\u00ebr, gruan e diktatorit Enver Hoxha, Nexhmije Hoxha, e cila u nda nga jeta dy dit\u00eb m\u00eb par\u00eb. N\u00eb nj\u00eb postim n\u00eb \u201cFacebook\u201d, Berisha shkruan se ajo ishte p\u00ebr 45 vite bashkautore n\u00eb t\u00eb gjitha krimet e luft\u00ebs dhe krimet kund\u00ebr njer\u00ebzimit, gjenocidin dhe infanticidin, skllav\u00ebrin\u00eb [&hellip;]<\/p>\n","protected":false},"author":2013,"featured_media":66449,"comment_status":"open","ping_status":"closed","sticky":false,"template":"","format":"standard","meta":{"footnotes":""},"categories":[241,235],"tags":[],"class_list":{"0":"post-122959","1":"post","2":"type-post","3":"status-publish","4":"format-standard","5":"has-post-thumbnail","7":"category-aktualitet","8":"category-vendi"},"_links":{"self":[{"href":"https:\/\/zjarr.tv\/en\/wp-json\/wp\/v2\/posts\/122959","targetHints":{"allow":["GET"]}}],"collection":[{"href":"https:\/\/zjarr.tv\/en\/wp-json\/wp\/v2\/posts"}],"about":[{"href":"https:\/\/zjarr.tv\/en\/wp-json\/wp\/v2\/types\/post"}],"author":[{"embeddable":true,"href":"https:\/\/zjarr.tv\/en\/wp-json\/wp\/v2\/users\/2013"}],"replies":[{"embeddable":true,"href":"https:\/\/zjarr.tv\/en\/wp-json\/wp\/v2\/comments?post=122959"}],"version-history":[{"count":0,"href":"https:\/\/zjarr.tv\/en\/wp-json\/wp\/v2\/posts\/122959\/revisions"}],"wp:featuredmedia":[{"embeddable":true,"href":"https:\/\/zjarr.tv\/en\/wp-json\/wp\/v2\/media\/66449"}],"wp:attachment":[{"href":"https:\/\/zjarr.tv\/en\/wp-json\/wp\/v2\/media?parent=122959"}],"wp:term":[{"taxonomy":"category","embeddable":true,"href":"https:\/\/zjarr.tv\/en\/wp-json\/wp\/v2\/categories?post=122959"},{"taxonomy":"post_tag","embeddable":true,"href":"https:\/\/zjarr.tv\/en\/wp-json\/wp\/v2\/tags?post=122959"}],"curies":[{"name":"wp","href":"https:\/\/api.w.org\/{rel}","templated":true}]}}