{"id":122961,"date":"2020-02-28T15:30:26","date_gmt":"2020-02-28T14:30:26","guid":{"rendered":"https:\/\/zjarr.tv\/?p=122961"},"modified":"2020-02-28T15:30:26","modified_gmt":"2020-02-28T14:30:26","slug":"taksistet-mashtrojne-emigrantet-afgan-u-nisen-per-ne-shkoder-por-i-cojne-ne-vlore","status":"publish","type":"post","link":"https:\/\/zjarr.tv\/en\/taksistet-mashtrojne-emigrantet-afgan-u-nisen-per-ne-shkoder-por-i-cojne-ne-vlore\/","title":{"rendered":"Taksist\u00ebt mashtrojn\u00eb emigrant\u00ebt afgan, u nis\u00ebn p\u00ebr n\u00eb Shkod\u00ebr por i \u00e7ojn\u00eb n\u00eb Vlor\u00eb"},"content":{"rendered":"<p>Nj\u00eb grup emigrant\u00ebsh nga Afganistani, q\u00eb kan\u00eb hyr\u00eb klandestin\u00eb n\u00eb Shqip\u00ebri, jan\u00eb mashtruar nga taksist\u00eb shqiptar\u00eb. Emirant\u00ebt, t\u00eb ardhur para nj\u00eb jave n\u00eb Shqip\u00ebri, kishin l\u00ebn\u00eb kampin n\u00eb Tiran\u00eb dhe ishin nisur drjet Shkodr\u00ebs.<\/p>\n<p>Por, taksist\u00ebt t\u00eb cil\u00ebt kishin marr\u00eb emigrant\u00ebt, n\u00eb vend t\u00eb Shkodr\u00ebs, i kishin \u00e7uar drejt Vlor\u00ebs. Emigrant\u00ebt shprehen se kishin paguar nga 700 euro p\u00ebr t\u00eb mb\u00ebrritur deri n\u00eb Shqip\u00ebri.<\/p>\n<p><strong>Emigranti afgan:<\/strong>\u00a0<em>Ne ishim n\u00eb kamp n\u00eb Tiran\u00eb. Mor\u00ebm nj\u00eb taksi p\u00ebr t\u00eb shkuar n\u00eb Shkod\u00ebr. Taksia na solli k\u00ebtu dhe na tha q\u00eb k\u00ebtu \u00ebsht\u00eb Shkodra. M\u00eb pas taksia iku. \u00a0Ne i tham\u00eb shoferit t\u00eb taksis se duam t\u00eb shkojm\u00eb n\u00eb Shkod\u00ebr. Ishin tre taksi, ato na soll\u00ebn k\u00ebtu. Kemi paguar 700 euro. Jemi nga Afganistani. K\u00ebtu kemi nj\u00eb jav\u00eb, kemi q\u00ebndruar n\u00eb kamp n\u00eb Tiran\u00eb. Tani duam t\u00eb shkojm\u00eb n\u00eb Shkod\u00ebr.<\/em><\/p>\n<p>Emigrant\u00ebt i kan\u00eb zbritur n\u00eb autostrad\u00ebn Vlor\u00eb-Fier dhe m\u00eb pas jan\u00eb larguar. Mes emigrant\u00ebve t\u00eb ardhur nga Afganistani, ka pasur edhe gra e f\u00ebmij\u00eb, t\u00eb cil\u00ebt m\u00eb pas jan\u00eb nisur n\u00eb k\u00ebmb\u00eb p\u00ebr t\u00eb shkuar p\u00ebrs\u00ebri n\u00eb Shkod\u00ebr.<\/p>","protected":false},"excerpt":{"rendered":"<p>Nj\u00eb grup emigrant\u00ebsh nga Afganistani, q\u00eb kan\u00eb hyr\u00eb klandestin\u00eb n\u00eb Shqip\u00ebri, jan\u00eb mashtruar nga taksist\u00eb shqiptar\u00eb. Emirant\u00ebt, t\u00eb ardhur para nj\u00eb jave n\u00eb Shqip\u00ebri, kishin l\u00ebn\u00eb kampin n\u00eb Tiran\u00eb dhe ishin nisur drjet Shkodr\u00ebs. Por, taksist\u00ebt t\u00eb cil\u00ebt kishin marr\u00eb emigrant\u00ebt, n\u00eb vend t\u00eb Shkodr\u00ebs, i kishin \u00e7uar drejt Vlor\u00ebs. Emigrant\u00ebt shprehen se kishin paguar [&hellip;]<\/p>\n","protected":false},"author":2013,"featured_media":0,"comment_status":"open","ping_status":"closed","sticky":false,"template":"","format":"standard","meta":{"footnotes":""},"categories":[241,235],"tags":[],"class_list":{"0":"post-122961","1":"post","2":"type-post","3":"status-publish","4":"format-standard","6":"category-aktualitet","7":"category-vendi"},"_links":{"self":[{"href":"https:\/\/zjarr.tv\/en\/wp-json\/wp\/v2\/posts\/122961","targetHints":{"allow":["GET"]}}],"collection":[{"href":"https:\/\/zjarr.tv\/en\/wp-json\/wp\/v2\/posts"}],"about":[{"href":"https:\/\/zjarr.tv\/en\/wp-json\/wp\/v2\/types\/post"}],"author":[{"embeddable":true,"href":"https:\/\/zjarr.tv\/en\/wp-json\/wp\/v2\/users\/2013"}],"replies":[{"embeddable":true,"href":"https:\/\/zjarr.tv\/en\/wp-json\/wp\/v2\/comments?post=122961"}],"version-history":[{"count":0,"href":"https:\/\/zjarr.tv\/en\/wp-json\/wp\/v2\/posts\/122961\/revisions"}],"wp:attachment":[{"href":"https:\/\/zjarr.tv\/en\/wp-json\/wp\/v2\/media?parent=122961"}],"wp:term":[{"taxonomy":"category","embeddable":true,"href":"https:\/\/zjarr.tv\/en\/wp-json\/wp\/v2\/categories?post=122961"},{"taxonomy":"post_tag","embeddable":true,"href":"https:\/\/zjarr.tv\/en\/wp-json\/wp\/v2\/tags?post=122961"}],"curies":[{"name":"wp","href":"https:\/\/api.w.org\/{rel}","templated":true}]}}