{"id":122966,"date":"2020-02-28T16:14:38","date_gmt":"2020-02-28T15:14:38","guid":{"rendered":"https:\/\/zjarr.tv\/?p=122966"},"modified":"2020-02-28T16:14:38","modified_gmt":"2020-02-28T15:14:38","slug":"kongresi-i-ps-nis-pasdite-me-grate-nuk-mungojne-masat-per-koronavirusin","status":"publish","type":"post","link":"https:\/\/zjarr.tv\/en\/kongresi-i-ps-nis-pasdite-me-grate-nuk-mungojne-masat-per-koronavirusin\/","title":{"rendered":"Kongresi i PS nis pasdite me grat\u00eb, nuk mungojn\u00eb masat p\u00ebr koronavirusin"},"content":{"rendered":"<p>Nis sot pasdite Kongresi i Partis\u00eb Socialiste, i cili do t\u00eb vijoj\u00eb deri n\u00eb dat\u00ebn 1 mars. N\u00eb dit\u00ebn e par\u00eb t\u00eb tij, do t\u00eb zhvillohen diskutime p\u00ebr grat\u00eb.<\/p>\n<p>Kongresi do t\u00eb mbahet nga ora 17:00 deri n\u00eb or\u00ebn 19:00, ku i pranish\u00ebm pritet t\u00eb jet\u00eb dhe Kryeministri Edi Rama.<\/p>\n<p>N\u00eb nj\u00eb situat\u00eb kur e gjith\u00eb bota \u00ebsht\u00eb n\u00ebn panikun e koronavirusit, edhe Partia Socialiste ka marr\u00eb masa dezinfektuese p\u00ebr kongresin.<\/p>\n<p>N\u00eb hollin e \u201cPallatit t\u00eb Kongreseve\u201d \u00ebsht\u00eb vendosur nj\u00eb dezinfektues p\u00ebr duart, me q\u00ebllim q\u00eb ta p\u00ebrdorin grat\u00eb.<\/p>\n<p>Duket se drejtuesit e PS nuk duan t\u00eb shmangin rekomandimet e dh\u00ebna nga OBSH p\u00ebr mbajtjen e higjen\u00ebs personale, me q\u00ebllim q\u00eb t\u00eb shmanget p\u00ebrhapja e koronavirusit.<\/p>","protected":false},"excerpt":{"rendered":"<p>Nis sot pasdite Kongresi i Partis\u00eb Socialiste, i cili do t\u00eb vijoj\u00eb deri n\u00eb dat\u00ebn 1 mars. N\u00eb dit\u00ebn e par\u00eb t\u00eb tij, do t\u00eb zhvillohen diskutime p\u00ebr grat\u00eb. Kongresi do t\u00eb mbahet nga ora 17:00 deri n\u00eb or\u00ebn 19:00, ku i pranish\u00ebm pritet t\u00eb jet\u00eb dhe Kryeministri Edi Rama. N\u00eb nj\u00eb situat\u00eb kur e [&hellip;]<\/p>\n","protected":false},"author":2013,"featured_media":122967,"comment_status":"open","ping_status":"closed","sticky":false,"template":"","format":"standard","meta":{"footnotes":""},"categories":[241,235],"tags":[],"class_list":{"0":"post-122966","1":"post","2":"type-post","3":"status-publish","4":"format-standard","5":"has-post-thumbnail","7":"category-aktualitet","8":"category-vendi"},"_links":{"self":[{"href":"https:\/\/zjarr.tv\/en\/wp-json\/wp\/v2\/posts\/122966","targetHints":{"allow":["GET"]}}],"collection":[{"href":"https:\/\/zjarr.tv\/en\/wp-json\/wp\/v2\/posts"}],"about":[{"href":"https:\/\/zjarr.tv\/en\/wp-json\/wp\/v2\/types\/post"}],"author":[{"embeddable":true,"href":"https:\/\/zjarr.tv\/en\/wp-json\/wp\/v2\/users\/2013"}],"replies":[{"embeddable":true,"href":"https:\/\/zjarr.tv\/en\/wp-json\/wp\/v2\/comments?post=122966"}],"version-history":[{"count":0,"href":"https:\/\/zjarr.tv\/en\/wp-json\/wp\/v2\/posts\/122966\/revisions"}],"wp:featuredmedia":[{"embeddable":true,"href":"https:\/\/zjarr.tv\/en\/wp-json\/wp\/v2\/media\/122967"}],"wp:attachment":[{"href":"https:\/\/zjarr.tv\/en\/wp-json\/wp\/v2\/media?parent=122966"}],"wp:term":[{"taxonomy":"category","embeddable":true,"href":"https:\/\/zjarr.tv\/en\/wp-json\/wp\/v2\/categories?post=122966"},{"taxonomy":"post_tag","embeddable":true,"href":"https:\/\/zjarr.tv\/en\/wp-json\/wp\/v2\/tags?post=122966"}],"curies":[{"name":"wp","href":"https:\/\/api.w.org\/{rel}","templated":true}]}}