{"id":123132,"date":"2020-03-02T11:09:04","date_gmt":"2020-03-02T10:09:04","guid":{"rendered":"https:\/\/zjarr.tv\/?p=123132"},"modified":"2020-03-02T11:09:04","modified_gmt":"2020-03-02T10:09:04","slug":"kujtohet-576-vjetori-i-beselidhjes-se-lezhes-lleshaj-skemi-nevoje-per-nje-te-dyte","status":"publish","type":"post","link":"https:\/\/zjarr.tv\/en\/kujtohet-576-vjetori-i-beselidhjes-se-lezhes-lleshaj-skemi-nevoje-per-nje-te-dyte\/","title":{"rendered":"Kujtohet 576 vjetori i Bes\u00eblidhjes s\u00eb Lezh\u00ebs, Lleshaj: S`kemi nevoj\u00eb p\u00ebr nj\u00eb t\u00eb dyt\u00eb"},"content":{"rendered":"<p>K\u00ebt\u00eb t\u00eb h\u00ebn\u00eb t\u00eb 2 marsit \u00ebsht\u00eb p\u00ebrkujtuar 576 vjetori i Bes\u00eblidhjes s\u00eb Lezh\u00ebs. T\u00eb pranish\u00ebm n\u00eb p\u00ebrkujtimin e k\u00ebsaj date t\u00eb historike ishin zyrtar\u00eb t\u00eb qeveris\u00eb dhe zyrtar\u00eb lokal n\u00eb qytetin e Lezh\u00ebs.<\/p>\n<p>Fillimisht jan\u00eb kryer homazhe dhe vendosur kurora me lule pran\u00eb obeliskut kushtuar bes\u00eblidhjes, nd\u00ebrsa m\u00eb pas jan\u00eb mbajtur fajl\u00ebt e rastit nga t\u00eb pranishmit.<\/p>\n<p>Ministi i Brendsh\u00ebm Sand\u00ebr Lleshaj, gjat\u00eb fjal\u00ebs s\u00eb tij ka \u201cthumbuar\u201d tubimin e Presidentit Ilir Meta, q\u00eb do t\u00eb mbahet pasdite, duke u shprehur se \u201cnuk kemi nevoj\u00eb p\u00ebr bes\u00eblidhje t\u00eb re\u201d.<\/p>\n<p>\u201cS`kemi nevoj\u00eb p\u00ebr bes\u00eblidhje t\u00eb re. Duhet t\u00eb ruajm\u00eb bes\u00eblidhjen e vjet\u00ebr t\u00eb pakorrigjueshme dhe jo sa her\u00eb t\u00eb kemi hall t\u00eb krijojm\u00eb bes\u00eblidhje\u201d, ka th\u00ebn\u00eb nd\u00ebr t\u00eb tjera Lleshaj.<\/p>\n<p>Bes\u00eblidhja e Lezh\u00ebs \u00ebsht\u00eb nj\u00eb nga momentet m\u00eb t\u00eb r\u00ebnd\u00ebsishme historike t\u00eb periudh\u00ebs s\u00eb Sk\u00ebnderbeut. Prij\u00ebsi i ushtris\u00eb shqiptare kund\u00ebr pushtuesve osman, n\u00eb 2 mars 1444 b\u00ebri bashk\u00eb gjith\u00eb Princ\u00ebrit shqiptar\u00eb n\u00eb Lezh\u00eb me q\u00ebllim mbrojtjen nga pushtuesit osman.<\/p>","protected":false},"excerpt":{"rendered":"<p>K\u00ebt\u00eb t\u00eb h\u00ebn\u00eb t\u00eb 2 marsit \u00ebsht\u00eb p\u00ebrkujtuar 576 vjetori i Bes\u00eblidhjes s\u00eb Lezh\u00ebs. T\u00eb pranish\u00ebm n\u00eb p\u00ebrkujtimin e k\u00ebsaj date t\u00eb historike ishin zyrtar\u00eb t\u00eb qeveris\u00eb dhe zyrtar\u00eb lokal n\u00eb qytetin e Lezh\u00ebs. Fillimisht jan\u00eb kryer homazhe dhe vendosur kurora me lule pran\u00eb obeliskut kushtuar bes\u00eblidhjes, nd\u00ebrsa m\u00eb pas jan\u00eb mbajtur fajl\u00ebt e rastit [&hellip;]<\/p>\n","protected":false},"author":2013,"featured_media":123133,"comment_status":"open","ping_status":"closed","sticky":false,"template":"","format":"standard","meta":{"footnotes":""},"categories":[241,235],"tags":[],"class_list":{"0":"post-123132","1":"post","2":"type-post","3":"status-publish","4":"format-standard","5":"has-post-thumbnail","7":"category-aktualitet","8":"category-vendi"},"_links":{"self":[{"href":"https:\/\/zjarr.tv\/en\/wp-json\/wp\/v2\/posts\/123132","targetHints":{"allow":["GET"]}}],"collection":[{"href":"https:\/\/zjarr.tv\/en\/wp-json\/wp\/v2\/posts"}],"about":[{"href":"https:\/\/zjarr.tv\/en\/wp-json\/wp\/v2\/types\/post"}],"author":[{"embeddable":true,"href":"https:\/\/zjarr.tv\/en\/wp-json\/wp\/v2\/users\/2013"}],"replies":[{"embeddable":true,"href":"https:\/\/zjarr.tv\/en\/wp-json\/wp\/v2\/comments?post=123132"}],"version-history":[{"count":0,"href":"https:\/\/zjarr.tv\/en\/wp-json\/wp\/v2\/posts\/123132\/revisions"}],"wp:featuredmedia":[{"embeddable":true,"href":"https:\/\/zjarr.tv\/en\/wp-json\/wp\/v2\/media\/123133"}],"wp:attachment":[{"href":"https:\/\/zjarr.tv\/en\/wp-json\/wp\/v2\/media?parent=123132"}],"wp:term":[{"taxonomy":"category","embeddable":true,"href":"https:\/\/zjarr.tv\/en\/wp-json\/wp\/v2\/categories?post=123132"},{"taxonomy":"post_tag","embeddable":true,"href":"https:\/\/zjarr.tv\/en\/wp-json\/wp\/v2\/tags?post=123132"}],"curies":[{"name":"wp","href":"https:\/\/api.w.org\/{rel}","templated":true}]}}