{"id":123136,"date":"2020-03-02T11:16:40","date_gmt":"2020-03-02T10:16:40","guid":{"rendered":"https:\/\/zjarr.tv\/?p=123136"},"modified":"2020-03-02T11:16:40","modified_gmt":"2020-03-02T10:16:40","slug":"lirimi-i-henri-cilit-manjani-respekt-per-gjyqtarin-qe-delegjitimoi-arrestin-pa-prova","status":"publish","type":"post","link":"https:\/\/zjarr.tv\/en\/lirimi-i-henri-cilit-manjani-respekt-per-gjyqtarin-qe-delegjitimoi-arrestin-pa-prova\/","title":{"rendered":"Lirimi i Henri \u00c7ilit, Manjani: Respekt p\u00ebr gjyqtarin q\u00eb delegjitimoi arrestin pa prova"},"content":{"rendered":"<p>Ish-ministri i Drejt\u00ebsis\u00eb, Ylli Manjani ka reaguar n\u00eb lidhje me vendimin e Gjykat\u00ebs s\u00eb P\u00ebrmetit, e cila liroi pedagogun e njohur Henri \u00c7ili, duke caktuar p\u00ebr t\u00eb mas\u00ebn \u2018detyrim paraqitje\u2019.<\/p>\n<p>P\u00ebrmes nj\u00eb mesazhi n\u00eb \u2018Facebook\u2019 Manjani ka shprehur respekt p\u00ebr gjyqtarin q\u00eb delegjitimoi arrestimin pa prova t\u00eb \u00c7ilit, nd\u00ebrkoh\u00eb thekson se kjo ishte nj\u00eb fllusk\u00eb e \u2018suksesit\u2019 t\u00eb reform\u00ebs n\u00eb drejt\u00ebsi.<\/p>\n<p>\u201cRespekt p\u00ebr gjyqtarin q\u00eb delegjitimoi arrestin pa prova. Ja dhe kjo fllusk\u00eb e \u201csuksesit\u201d t\u00eb reform\u00ebs u \u00e7a!\u201d, shkruan Manjani.<\/p>\n<p>Kujtojm\u00eb se dje botuesi Henri \u00c7ili u liruar nga qelia, nd\u00ebrsa ai do t\u00eb paraqitet nj\u00eb her\u00eb n\u00eb muaj para Gjykat\u00ebs. Gjyqtar\u00ebt e \u00e7\u00ebshtjes rr\u00ebzuan 6 akuzat e prokurorit duke i konsideruar si t\u00eb paligjshme.<\/p>","protected":false},"excerpt":{"rendered":"<p>Ish-ministri i Drejt\u00ebsis\u00eb, Ylli Manjani ka reaguar n\u00eb lidhje me vendimin e Gjykat\u00ebs s\u00eb P\u00ebrmetit, e cila liroi pedagogun e njohur Henri \u00c7ili, duke caktuar p\u00ebr t\u00eb mas\u00ebn \u2018detyrim paraqitje\u2019. P\u00ebrmes nj\u00eb mesazhi n\u00eb \u2018Facebook\u2019 Manjani ka shprehur respekt p\u00ebr gjyqtarin q\u00eb delegjitimoi arrestimin pa prova t\u00eb \u00c7ilit, nd\u00ebrkoh\u00eb thekson se kjo ishte nj\u00eb fllusk\u00eb [&hellip;]<\/p>\n","protected":false},"author":2013,"featured_media":61435,"comment_status":"open","ping_status":"closed","sticky":false,"template":"","format":"standard","meta":{"footnotes":""},"categories":[241,235],"tags":[],"class_list":{"0":"post-123136","1":"post","2":"type-post","3":"status-publish","4":"format-standard","5":"has-post-thumbnail","7":"category-aktualitet","8":"category-vendi"},"_links":{"self":[{"href":"https:\/\/zjarr.tv\/en\/wp-json\/wp\/v2\/posts\/123136","targetHints":{"allow":["GET"]}}],"collection":[{"href":"https:\/\/zjarr.tv\/en\/wp-json\/wp\/v2\/posts"}],"about":[{"href":"https:\/\/zjarr.tv\/en\/wp-json\/wp\/v2\/types\/post"}],"author":[{"embeddable":true,"href":"https:\/\/zjarr.tv\/en\/wp-json\/wp\/v2\/users\/2013"}],"replies":[{"embeddable":true,"href":"https:\/\/zjarr.tv\/en\/wp-json\/wp\/v2\/comments?post=123136"}],"version-history":[{"count":0,"href":"https:\/\/zjarr.tv\/en\/wp-json\/wp\/v2\/posts\/123136\/revisions"}],"wp:featuredmedia":[{"embeddable":true,"href":"https:\/\/zjarr.tv\/en\/wp-json\/wp\/v2\/media\/61435"}],"wp:attachment":[{"href":"https:\/\/zjarr.tv\/en\/wp-json\/wp\/v2\/media?parent=123136"}],"wp:term":[{"taxonomy":"category","embeddable":true,"href":"https:\/\/zjarr.tv\/en\/wp-json\/wp\/v2\/categories?post=123136"},{"taxonomy":"post_tag","embeddable":true,"href":"https:\/\/zjarr.tv\/en\/wp-json\/wp\/v2\/tags?post=123136"}],"curies":[{"name":"wp","href":"https:\/\/api.w.org\/{rel}","templated":true}]}}