{"id":123138,"date":"2020-03-02T11:18:10","date_gmt":"2020-03-02T10:18:10","guid":{"rendered":"https:\/\/zjarr.tv\/?p=123138"},"modified":"2020-03-02T11:18:44","modified_gmt":"2020-03-02T10:18:44","slug":"deputeti-i-opozites-zgjedhjet-e-parakohshme-te-pashmangshme","status":"publish","type":"post","link":"https:\/\/zjarr.tv\/en\/deputeti-i-opozites-zgjedhjet-e-parakohshme-te-pashmangshme\/","title":{"rendered":"Deputeti i opozit\u00ebs: Zgjedhjet e parakohshme t\u00eb pashmangshme"},"content":{"rendered":"<p>Pak or\u00eb para manifestimit t\u00eb thirrur nga presidenti Ilir Meta, n\u00eb mbrojtje t\u00eb Kushtetut\u00ebs dhe kund\u00ebr asaj q\u00eb e cil\u00ebson ai grusht shteti, vjen nj\u00eb reagim nga deputeti i opozit\u00ebs Lefter Maliqi.<\/p>\n<p>P\u00ebrmes nj\u00eb mesazhi n\u00eb rrjetet sociale Maliqi e cil\u00ebson k\u00ebt\u00eb tubim nj\u00eb \u2018uragan madh\u00ebshtor popullor\u2019, q\u00eb sipas tij do t\u00eb \u00e7liroj\u00eb PS nga \u201cgruaja e Bilalit dhe vendin nga Rilindja e krimit dhe oligark\u00ebve\u201d. Po ashtu ai pohoi se zgjedhjet e parakohshme jan\u00eb t\u00eb pashmangshme.<\/p>\n<p>REAGIMI I MALIQIT<br \/>\nUragani madh\u00ebshtor popullor do ccliroj PS nga gruaja e Bilalit dhe vendin nga Rilindja e krimit dhe oligark\u00ebve. Te dashur miq sot ora 10:00 mblidhet Parlamenti ku do diskutohet vetem per problematikat ne ccdo zone e qytet, sho\u00eb i radh\u00ebs i Rilindjes se krimit qe varf\u00ebroj e cpopulloj k\u00ebt\u00eb vend, qe kapi institucionet, qe u vrau shpresat shqiptareve me pasiguri, krime, droge, trafiqe e papunesi. Sot \u00ebsht\u00eb dite e madhe p\u00ebr demokracin\u00eb, Kushtetuten dhe te ardhmen e vendit ne BE. Une do diskutoj sot ne parlament vet\u00ebm kundra Rilindjes se krimit qe ka zaptuar PS dhe fatet e vendit duke rritur ndjeshem borxhin publik, papun\u00ebsin\u00eb, pasigurin\u00eb, varferin, cpopullimin, do flas kund\u00ebr reformave ne arsim, shendetesi, territoriale, drejt\u00ebsi qe u bene vetem ne funksion te oligark\u00ebve Rilindas dhe krimit dhe se bashku me te bashkuar se kurr\u00eb n\u00eb or\u00ebn 17:00 ne Bulevardin \u2018D\u00ebshmoret e Kombit\u2019 ne manifestimin me te madh qe i paraprin Uraganit madh\u00ebshtor popullor ne mbrojtje te Demokracis\u00eb, Kushtetut\u00ebs, te drejtave dhe lirive t\u00eb njeriut dhe mediave, kundra kapjes s\u00eb institucioneve dhe instalimit te diktatur\u00ebs. Pranvera e fitores po afron. Zgjedhjet e parakohshme jan\u00eb t\u00eb pashmangshme. Shqip\u00ebria si Europa\ud83c\udde6\ud83c\uddf1\ud83c\uddea\ud83c\uddfa\ud83c\uddfa\ud83c\uddf8.<\/p>","protected":false},"excerpt":{"rendered":"<p>Pak or\u00eb para manifestimit t\u00eb thirrur nga presidenti Ilir Meta, n\u00eb mbrojtje t\u00eb Kushtetut\u00ebs dhe kund\u00ebr asaj q\u00eb e cil\u00ebson ai grusht shteti, vjen nj\u00eb reagim nga deputeti i opozit\u00ebs Lefter Maliqi. P\u00ebrmes nj\u00eb mesazhi n\u00eb rrjetet sociale Maliqi e cil\u00ebson k\u00ebt\u00eb tubim nj\u00eb \u2018uragan madh\u00ebshtor popullor\u2019, q\u00eb sipas tij do t\u00eb \u00e7liroj\u00eb PS nga [&hellip;]<\/p>\n","protected":false},"author":2013,"featured_media":91257,"comment_status":"open","ping_status":"closed","sticky":false,"template":"","format":"standard","meta":{"footnotes":""},"categories":[241,235],"tags":[],"class_list":{"0":"post-123138","1":"post","2":"type-post","3":"status-publish","4":"format-standard","5":"has-post-thumbnail","7":"category-aktualitet","8":"category-vendi"},"_links":{"self":[{"href":"https:\/\/zjarr.tv\/en\/wp-json\/wp\/v2\/posts\/123138","targetHints":{"allow":["GET"]}}],"collection":[{"href":"https:\/\/zjarr.tv\/en\/wp-json\/wp\/v2\/posts"}],"about":[{"href":"https:\/\/zjarr.tv\/en\/wp-json\/wp\/v2\/types\/post"}],"author":[{"embeddable":true,"href":"https:\/\/zjarr.tv\/en\/wp-json\/wp\/v2\/users\/2013"}],"replies":[{"embeddable":true,"href":"https:\/\/zjarr.tv\/en\/wp-json\/wp\/v2\/comments?post=123138"}],"version-history":[{"count":0,"href":"https:\/\/zjarr.tv\/en\/wp-json\/wp\/v2\/posts\/123138\/revisions"}],"wp:featuredmedia":[{"embeddable":true,"href":"https:\/\/zjarr.tv\/en\/wp-json\/wp\/v2\/media\/91257"}],"wp:attachment":[{"href":"https:\/\/zjarr.tv\/en\/wp-json\/wp\/v2\/media?parent=123138"}],"wp:term":[{"taxonomy":"category","embeddable":true,"href":"https:\/\/zjarr.tv\/en\/wp-json\/wp\/v2\/categories?post=123138"},{"taxonomy":"post_tag","embeddable":true,"href":"https:\/\/zjarr.tv\/en\/wp-json\/wp\/v2\/tags?post=123138"}],"curies":[{"name":"wp","href":"https:\/\/api.w.org\/{rel}","templated":true}]}}