{"id":123151,"date":"2020-03-02T11:28:30","date_gmt":"2020-03-02T10:28:30","guid":{"rendered":"https:\/\/zjarr.tv\/?p=123151"},"modified":"2020-03-02T11:28:30","modified_gmt":"2020-03-02T10:28:30","slug":"meta-falenderon-vatra-n-per-mbeshtetjen","status":"publish","type":"post","link":"https:\/\/zjarr.tv\/en\/meta-falenderon-vatra-n-per-mbeshtetjen\/","title":{"rendered":"Meta falenderon VATRA-n p\u00ebr mb\u00ebshtetjen"},"content":{"rendered":"<div class=\"col-md-8 col-sm-8 full_col_tab portrait_full single_wrap\">\n<div class=\"container no-gutter responsive-full-width article_content\">\n<div class=\"row\">\n<div class=\"col-md-10 col-sm-10 article-text\">\n<p>Organizat Panshqiptare n\u00eb SHBA, VATRA ka dal\u00eb sot me nj\u00eb deklarat\u00eb p\u00ebrsh\u00ebndet\u00ebse p\u00ebr manifestin e thirrur nga Presidenti Ilir Meta n\u00eb mbrojtje t\u00eb Kushtetut\u00ebs s\u00eb Republik\u00ebs s\u00eb Shqip\u00ebris\u00eb.<\/p>\n<p>Nd\u00ebrsa VATRA e cil\u00ebson manifestimin si fillimin e fundit t\u00eb nj\u00eb qeverisje q\u00eb i ka shpopulluar dhe varf\u00ebruar shqiptar\u00ebt, Meta thot\u00eb se pik\u00ebrisht, kjo organizat\u00eb dhe shqiptar\u00ebt e Amerik\u00ebs n\u00eb momentet m\u00eb ky\u00e7e dhe vendimtare t\u00eb kombit kan\u00eb qen\u00eb shtysa kryesore p\u00ebr lirin\u00eb, pavar\u00ebsin\u00eb dhe demokracin\u00eb e Shqip\u00ebris\u00eb.<\/p>\n<p>STATUSI I METES<br \/>\nFalenderim t\u00eb p\u00ebrzem\u00ebrt p\u00ebr VATR\u00cbN, organizat\u00ebn m\u00eb t\u00eb vjet\u00ebr Panshqiptare n\u00eb SHBA, t\u00eb themeluar nga dy korifejt\u00eb dhe personalitetet e m\u00ebdhaja t\u00eb kombit ton\u00eb, Fan Noli dhe Faik Konica.<br \/>\nShqiptar\u00ebt e diaspor\u00ebs, ve\u00e7an\u00ebrisht ata n\u00eb SHBA, n\u00eb momentet m\u00eb ky\u00e7e dhe vendimtare t\u00eb kombit kan\u00eb qen\u00eb shtysa kryesore p\u00ebr lirin\u00eb, pavar\u00ebsin\u00eb dhe demokracin\u00eb e Shqip\u00ebris\u00eb! \ud83c\udde6\ud83c\uddf1\ud83e\udd1d\ud83c\uddfa\ud83c\uddf8<\/p>\n<div class=\"galery-slider\">\n<ul class=\"slides\">\n<li class=\"flex-slider-item flex-active-slide\" data-thumb-alt=\"\"><a href=\"https:\/\/www.balkanweb.com\/wp-content\/uploads\/2020\/03\/vatra.jpg\" rel=\"lightbox\"><img decoding=\"async\" draggable=\"false\" src=\"https:\/\/www.balkanweb.com\/wp-content\/uploads\/2020\/03\/vatra.jpg\" alt=\"foto galeri \" \/><\/a><\/li>\n<li class=\"flex-slider-item\" data-thumb-alt=\"\"><a href=\"https:\/\/www.balkanweb.com\/wp-content\/uploads\/2020\/03\/Untitled.jpg\" rel=\"lightbox\"><img decoding=\"async\" draggable=\"false\" src=\"https:\/\/www.balkanweb.com\/wp-content\/uploads\/2020\/03\/Untitled.jpg\" alt=\"foto galeri \" \/><\/a><\/li>\n<\/ul>\n<\/div>\n<\/div>\n<\/div>\n<\/div>\n<\/div>\n<div class=\"col-md-4 col-sm-4 hide-mobile hidden_tab hide_portrait_mobile sidebar_holder\">\n<div class=\"container no-gutter\">\n<div class=\"row\">\n<div class=\"col-md-12 col-sm-12\">\n<div class=\"container no-gutter side-column-news-ticker\">\n<div class=\"side-column-news-content latest\">\n<div class=\"news-block-list\">\n<div class=\"flex-viewport\">\n<div class=\"news-block-list-item\">\n<p class=\"news-additional-info\">\n<\/div>\n<\/div>\n<\/div>\n<\/div>\n<\/div>\n<\/div>\n<\/div>\n<\/div>\n<\/div>","protected":false},"excerpt":{"rendered":"<p>Organizat Panshqiptare n\u00eb SHBA, VATRA ka dal\u00eb sot me nj\u00eb deklarat\u00eb p\u00ebrsh\u00ebndet\u00ebse p\u00ebr manifestin e thirrur nga Presidenti Ilir Meta n\u00eb mbrojtje t\u00eb Kushtetut\u00ebs s\u00eb Republik\u00ebs s\u00eb Shqip\u00ebris\u00eb. Nd\u00ebrsa VATRA e cil\u00ebson manifestimin si fillimin e fundit t\u00eb nj\u00eb qeverisje q\u00eb i ka shpopulluar dhe varf\u00ebruar shqiptar\u00ebt, Meta thot\u00eb se pik\u00ebrisht, kjo organizat\u00eb dhe shqiptar\u00ebt [&hellip;]<\/p>\n","protected":false},"author":2013,"featured_media":99906,"comment_status":"open","ping_status":"closed","sticky":false,"template":"","format":"standard","meta":{"footnotes":""},"categories":[241,235],"tags":[],"class_list":{"0":"post-123151","1":"post","2":"type-post","3":"status-publish","4":"format-standard","5":"has-post-thumbnail","7":"category-aktualitet","8":"category-vendi"},"_links":{"self":[{"href":"https:\/\/zjarr.tv\/en\/wp-json\/wp\/v2\/posts\/123151","targetHints":{"allow":["GET"]}}],"collection":[{"href":"https:\/\/zjarr.tv\/en\/wp-json\/wp\/v2\/posts"}],"about":[{"href":"https:\/\/zjarr.tv\/en\/wp-json\/wp\/v2\/types\/post"}],"author":[{"embeddable":true,"href":"https:\/\/zjarr.tv\/en\/wp-json\/wp\/v2\/users\/2013"}],"replies":[{"embeddable":true,"href":"https:\/\/zjarr.tv\/en\/wp-json\/wp\/v2\/comments?post=123151"}],"version-history":[{"count":0,"href":"https:\/\/zjarr.tv\/en\/wp-json\/wp\/v2\/posts\/123151\/revisions"}],"wp:featuredmedia":[{"embeddable":true,"href":"https:\/\/zjarr.tv\/en\/wp-json\/wp\/v2\/media\/99906"}],"wp:attachment":[{"href":"https:\/\/zjarr.tv\/en\/wp-json\/wp\/v2\/media?parent=123151"}],"wp:term":[{"taxonomy":"category","embeddable":true,"href":"https:\/\/zjarr.tv\/en\/wp-json\/wp\/v2\/categories?post=123151"},{"taxonomy":"post_tag","embeddable":true,"href":"https:\/\/zjarr.tv\/en\/wp-json\/wp\/v2\/tags?post=123151"}],"curies":[{"name":"wp","href":"https:\/\/api.w.org\/{rel}","templated":true}]}}