{"id":123163,"date":"2020-03-02T12:13:06","date_gmt":"2020-03-02T11:13:06","guid":{"rendered":"https:\/\/zjarr.tv\/?p=123163"},"modified":"2020-03-02T12:13:06","modified_gmt":"2020-03-02T11:13:06","slug":"kajmaku-ne-liri-paloka-pas-reagimit-te-rebani-jaupit-turp-kriminelet-ne-krye-te-vendit","status":"publish","type":"post","link":"https:\/\/zjarr.tv\/en\/kajmaku-ne-liri-paloka-pas-reagimit-te-rebani-jaupit-turp-kriminelet-ne-krye-te-vendit\/","title":{"rendered":"\u201cKajmaku n\u00eb liri\u201d, Paloka pas reagimit t\u00eb Rebani Jaupit: Turp! Kriminel\u00ebt n\u00eb krye t\u00eb vendit!"},"content":{"rendered":"<p>Ish deputeti i PD-s\u00eb, Edi Paloka ka reaguar pas deklarat\u00ebs s\u00eb Rebani Jaupit, drejtorit t\u00eb Policis\u00eb s\u00eb Tiran\u00ebs, i cili i ka drejtuar mesazh shefave t\u00eb komisariateve t\u00eb Tiran\u00ebs, duke e cil\u00ebsuar t\u00eb turpshme situat\u00ebn, n\u00ebse v\u00ebrtet Agim Kajmaku, ish-kryebashkiaku i Vor\u00ebs, i shpallur n\u00eb k\u00ebrkim prej muajsh, sh\u00ebtit i lir\u00eb n\u00eb rrug\u00ebt e kryeqytetit.<\/p>\n<p>Sipas Palok\u00ebs, ky reagim \u00ebsht\u00eb nj\u00eb tjet\u00ebr turp. Ai tha se n\u00eb krye t\u00eb vendit sa t\u00eb jet\u00eb Rama do vendosen kriminel\u00eb, nd\u00ebrsa policia he drejt\u00ebsia do ken\u00eb t\u00eb njejt\u00ebn sjellje.<\/p>\n<p>\u201cTurp\u201d..?!<br \/>\nTurp eshte qe keta vazhdojne te tallen e ti trajtojne shqiptaret si budallenj ! Lenia ne liri e kajmakut te \u201crilindjes\u201d eshte vazhdim i krimit te urdheruar prej Rames, te atij qe i mbeshtet, i emeron kryetar bashkie , deputet e ministra dhe kur kapen ne krim , nuk lejon as policine e as drejtesine ti prekin.<br \/>\nPublikojne nje mesazh te drejtorit te narkopolicise se Rames, qe gjoja rastesisht ka vajtur si info ne media, per t\u2019ju thene shqiptareve se nuk jane keta qe e lene te lire. Eshte e njejta polici e prokurori qe arrestojne me urdher botues e lene te lire, madje dhe mbrojne kriminelet e \u201crilindjes\u201d!<br \/>\nSa te jete Rama aty, kjo do jete dhe sjellja e policise dhe drejtesise; kriminelet ne krye te vendit e te tjeret ne burg.<\/p>\n<div id=\"pa_1x1_psbk_1583147565474\"><\/div>","protected":false},"excerpt":{"rendered":"<p>Ish deputeti i PD-s\u00eb, Edi Paloka ka reaguar pas deklarat\u00ebs s\u00eb Rebani Jaupit, drejtorit t\u00eb Policis\u00eb s\u00eb Tiran\u00ebs, i cili i ka drejtuar mesazh shefave t\u00eb komisariateve t\u00eb Tiran\u00ebs, duke e cil\u00ebsuar t\u00eb turpshme situat\u00ebn, n\u00ebse v\u00ebrtet Agim Kajmaku, ish-kryebashkiaku i Vor\u00ebs, i shpallur n\u00eb k\u00ebrkim prej muajsh, sh\u00ebtit i lir\u00eb n\u00eb rrug\u00ebt e kryeqytetit. [&hellip;]<\/p>\n","protected":false},"author":2013,"featured_media":50729,"comment_status":"open","ping_status":"closed","sticky":false,"template":"","format":"standard","meta":{"footnotes":""},"categories":[241,235],"tags":[],"class_list":{"0":"post-123163","1":"post","2":"type-post","3":"status-publish","4":"format-standard","5":"has-post-thumbnail","7":"category-aktualitet","8":"category-vendi"},"_links":{"self":[{"href":"https:\/\/zjarr.tv\/en\/wp-json\/wp\/v2\/posts\/123163","targetHints":{"allow":["GET"]}}],"collection":[{"href":"https:\/\/zjarr.tv\/en\/wp-json\/wp\/v2\/posts"}],"about":[{"href":"https:\/\/zjarr.tv\/en\/wp-json\/wp\/v2\/types\/post"}],"author":[{"embeddable":true,"href":"https:\/\/zjarr.tv\/en\/wp-json\/wp\/v2\/users\/2013"}],"replies":[{"embeddable":true,"href":"https:\/\/zjarr.tv\/en\/wp-json\/wp\/v2\/comments?post=123163"}],"version-history":[{"count":0,"href":"https:\/\/zjarr.tv\/en\/wp-json\/wp\/v2\/posts\/123163\/revisions"}],"wp:featuredmedia":[{"embeddable":true,"href":"https:\/\/zjarr.tv\/en\/wp-json\/wp\/v2\/media\/50729"}],"wp:attachment":[{"href":"https:\/\/zjarr.tv\/en\/wp-json\/wp\/v2\/media?parent=123163"}],"wp:term":[{"taxonomy":"category","embeddable":true,"href":"https:\/\/zjarr.tv\/en\/wp-json\/wp\/v2\/categories?post=123163"},{"taxonomy":"post_tag","embeddable":true,"href":"https:\/\/zjarr.tv\/en\/wp-json\/wp\/v2\/tags?post=123163"}],"curies":[{"name":"wp","href":"https:\/\/api.w.org\/{rel}","templated":true}]}}