{"id":123168,"date":"2020-03-02T14:17:09","date_gmt":"2020-03-02T13:17:09","guid":{"rendered":"https:\/\/zjarr.tv\/?p=123168"},"modified":"2020-03-02T14:17:09","modified_gmt":"2020-03-02T13:17:09","slug":"dy-persona-te-denuar-duhet-te-deklarojne-pasurine","status":"publish","type":"post","link":"https:\/\/zjarr.tv\/en\/dy-persona-te-denuar-duhet-te-deklarojne-pasurine\/","title":{"rendered":"Dy persona t\u00eb d\u00ebnuar duhet t\u00eb deklarojn\u00eb pasurin\u00eb"},"content":{"rendered":"<p>OFL i ka d\u00ebrguar k\u00ebrkes\u00eb p\u00ebr vet\u00ebdeklarim t\u00eb pasuris\u00eb dy personave nga Tiran\u00eb, t\u00eb d\u00ebnuar p\u00ebr vrasje.<\/p>\n<p>-A. H., banues n\u00eb Tiran\u00eb, i d\u00ebnuar p\u00ebr veprat penale &#8220;Vrasja me paramendim, n\u00eb bashk\u00ebpunim&#8221;, &#8220;Arm\u00ebmbajtja pa leje&#8221; dhe &#8220;Prodhimi dhe shitja e narkotik\u00ebve&#8221;;<\/p>\n<p>-E. K., banues n\u00eb Tiran\u00eb, i d\u00ebnuar p\u00ebr veprat penale \u201cVrasja me paramendim, e kryer n\u00eb bashk\u00ebpunim\u201d dhe \u201cArm\u00ebmbajtja pa leje\u201d;<\/p>\n<p>N\u00eb nj\u00eb njoftim, policia thot\u00eb se k\u00ebta individ\u00eb, si subjekt i Ligjit Special, duhet t\u2019u p\u00ebrgjigjen me shkrim, brenda 48 or\u00ebsh, t\u00eb gjitha pyetjeve t\u00eb OFL-s\u00eb, t\u00eb cilat do t\u2019i d\u00ebrgohen SPAK-ut, p\u00ebr veprime t\u00eb m\u00ebtejshme.<\/p>\n<p>OFL b\u00ebn me dije se t\u00eb gjith\u00eb personat q\u00eb iu \u00ebsht\u00eb d\u00ebrguar k\u00ebrkesa me shkrim p\u00ebr vet\u00ebdeklarimin e burimeve t\u00eb pasuris\u00eb, i kan\u00eb plot\u00ebsuar formular\u00ebt dhe i kan\u00eb dor\u00ebzuar pran\u00eb OFL-s\u00eb, e cila ka vijuar me procedurat, sipas p\u00ebrcaktimit n\u00eb Aktin Normativ nr. 1, t\u00eb dat\u00ebs 31 janar 2020.<\/p>","protected":false},"excerpt":{"rendered":"<p>OFL i ka d\u00ebrguar k\u00ebrkes\u00eb p\u00ebr vet\u00ebdeklarim t\u00eb pasuris\u00eb dy personave nga Tiran\u00eb, t\u00eb d\u00ebnuar p\u00ebr vrasje. -A. H., banues n\u00eb Tiran\u00eb, i d\u00ebnuar p\u00ebr veprat penale &#8220;Vrasja me paramendim, n\u00eb bashk\u00ebpunim&#8221;, &#8220;Arm\u00ebmbajtja pa leje&#8221; dhe &#8220;Prodhimi dhe shitja e narkotik\u00ebve&#8221;; -E. K., banues n\u00eb Tiran\u00eb, i d\u00ebnuar p\u00ebr veprat penale \u201cVrasja me paramendim, e [&hellip;]<\/p>\n","protected":false},"author":2013,"featured_media":121248,"comment_status":"open","ping_status":"closed","sticky":false,"template":"","format":"standard","meta":{"footnotes":""},"categories":[241,235],"tags":[],"class_list":{"0":"post-123168","1":"post","2":"type-post","3":"status-publish","4":"format-standard","5":"has-post-thumbnail","7":"category-aktualitet","8":"category-vendi"},"_links":{"self":[{"href":"https:\/\/zjarr.tv\/en\/wp-json\/wp\/v2\/posts\/123168","targetHints":{"allow":["GET"]}}],"collection":[{"href":"https:\/\/zjarr.tv\/en\/wp-json\/wp\/v2\/posts"}],"about":[{"href":"https:\/\/zjarr.tv\/en\/wp-json\/wp\/v2\/types\/post"}],"author":[{"embeddable":true,"href":"https:\/\/zjarr.tv\/en\/wp-json\/wp\/v2\/users\/2013"}],"replies":[{"embeddable":true,"href":"https:\/\/zjarr.tv\/en\/wp-json\/wp\/v2\/comments?post=123168"}],"version-history":[{"count":0,"href":"https:\/\/zjarr.tv\/en\/wp-json\/wp\/v2\/posts\/123168\/revisions"}],"wp:featuredmedia":[{"embeddable":true,"href":"https:\/\/zjarr.tv\/en\/wp-json\/wp\/v2\/media\/121248"}],"wp:attachment":[{"href":"https:\/\/zjarr.tv\/en\/wp-json\/wp\/v2\/media?parent=123168"}],"wp:term":[{"taxonomy":"category","embeddable":true,"href":"https:\/\/zjarr.tv\/en\/wp-json\/wp\/v2\/categories?post=123168"},{"taxonomy":"post_tag","embeddable":true,"href":"https:\/\/zjarr.tv\/en\/wp-json\/wp\/v2\/tags?post=123168"}],"curies":[{"name":"wp","href":"https:\/\/api.w.org\/{rel}","templated":true}]}}