{"id":123170,"date":"2020-03-02T14:18:39","date_gmt":"2020-03-02T13:18:39","guid":{"rendered":"https:\/\/zjarr.tv\/?p=123170"},"modified":"2020-03-02T14:18:39","modified_gmt":"2020-03-02T13:18:39","slug":"gazmend-bardhi-ofl-ja-nuk-prek-pasurite-e-krimineleve-te-votave","status":"publish","type":"post","link":"https:\/\/zjarr.tv\/en\/gazmend-bardhi-ofl-ja-nuk-prek-pasurite-e-krimineleve-te-votave\/","title":{"rendered":"Gazmend Bardhi: OFL-ja nuk prek pasurit\u00eb e kriminel\u00ebve t\u00eb votave"},"content":{"rendered":"<p>Sekretari i P\u00ebrgjithsh\u00ebm i Partis\u00eb Demokratike Gazmend Bardhi shprehet se OFL nuk do t\u00eb prek pasurit\u00eb e krimit. Sipas Bardhit, pasurit\u00eb reale t\u00eb krimit nuk do t\u00eb preken, pasi ato jan\u00eb shp\u00ebrblim p\u00ebr kriminel\u00ebt q\u00eb kan\u00eb bler\u00eb vota p\u00ebr pushtetin e Edi Ram\u00ebs.<\/p>\n<p><strong>Gazmend Bardhi<\/strong>:\u00a0<em>Edi Rama \u00ebsht\u00eb i pafuqish\u00ebm p\u00ebr t\u00eb goditur pasurit\u00eb e krimit. Asnj\u00eb pasuri reale e krimit nuk \u00ebsht\u00eb prekur dhe as nuk do t\u00eb preket nga OFL-ja e Edi Ram\u00ebs, sepse shum\u00eb nga k\u00ebto pasuri jan\u00eb shp\u00ebrblim p\u00ebr kriminel\u00ebt q\u00eb kan\u00eb bler\u00eb vota p\u00ebr pushtetin e Edi Ram\u00ebs.<\/em><\/p>\n<p><em>Kur b\u00ebhet fjal\u00eb p\u00ebr t\u00eb goditur krimin, Edi Rama ka vet\u00ebm fjal\u00eb dhe propagand\u00eb. Krimi nd\u00ebrton dhe pastron para n\u00eb mes t\u00eb Tiran\u00ebs dhe Edi Rama nuk e prek dot. Krimi merr tendera publik\u00eb nga qeveria e Edi Ram\u00ebs.\u00a0<\/em><\/p>\n<p><em>Krimi ka leje ekskluzive mbi pasurit\u00eb natyrore t\u00eb vendit dhe Edi Rama vazhdon t\u00eb punoj\u00eb p\u00ebr ta. Krimi e ka folen\u00eb n\u00eb zyr\u00ebn e Edi Ram\u00ebs! Partner me krimin q\u00eb n\u00eb fillimin e karrier\u00ebs si Kryetar Bashkie, Edi Rama \u00ebsht\u00eb i pabesuesh\u00ebm!<\/em><\/p>\n<p><iframe loading=\"lazy\" src=\"https:\/\/www.facebook.com\/plugins\/video.php?href=https%3A%2F%2Fwww.facebook.com%2Fgazment.bardhi%2Fvideos%2F10221665373573326%2F&amp;show_text=0&amp;width=560\" width=\"560\" height=\"315\" frameborder=\"0\" scrolling=\"no\" allowfullscreen=\"allowfullscreen\" data-mce-fragment=\"1\"><\/iframe><\/p>\n<p>&nbsp;<\/p>","protected":false},"excerpt":{"rendered":"<p>Sekretari i P\u00ebrgjithsh\u00ebm i Partis\u00eb Demokratike Gazmend Bardhi shprehet se OFL nuk do t\u00eb prek pasurit\u00eb e krimit. Sipas Bardhit, pasurit\u00eb reale t\u00eb krimit nuk do t\u00eb preken, pasi ato jan\u00eb shp\u00ebrblim p\u00ebr kriminel\u00ebt q\u00eb kan\u00eb bler\u00eb vota p\u00ebr pushtetin e Edi Ram\u00ebs. Gazmend Bardhi:\u00a0Edi Rama \u00ebsht\u00eb i pafuqish\u00ebm p\u00ebr t\u00eb goditur pasurit\u00eb e krimit. [&hellip;]<\/p>\n","protected":false},"author":2013,"featured_media":117507,"comment_status":"open","ping_status":"closed","sticky":false,"template":"","format":"standard","meta":{"footnotes":""},"categories":[241,235],"tags":[],"class_list":{"0":"post-123170","1":"post","2":"type-post","3":"status-publish","4":"format-standard","5":"has-post-thumbnail","7":"category-aktualitet","8":"category-vendi"},"_links":{"self":[{"href":"https:\/\/zjarr.tv\/en\/wp-json\/wp\/v2\/posts\/123170","targetHints":{"allow":["GET"]}}],"collection":[{"href":"https:\/\/zjarr.tv\/en\/wp-json\/wp\/v2\/posts"}],"about":[{"href":"https:\/\/zjarr.tv\/en\/wp-json\/wp\/v2\/types\/post"}],"author":[{"embeddable":true,"href":"https:\/\/zjarr.tv\/en\/wp-json\/wp\/v2\/users\/2013"}],"replies":[{"embeddable":true,"href":"https:\/\/zjarr.tv\/en\/wp-json\/wp\/v2\/comments?post=123170"}],"version-history":[{"count":0,"href":"https:\/\/zjarr.tv\/en\/wp-json\/wp\/v2\/posts\/123170\/revisions"}],"wp:featuredmedia":[{"embeddable":true,"href":"https:\/\/zjarr.tv\/en\/wp-json\/wp\/v2\/media\/117507"}],"wp:attachment":[{"href":"https:\/\/zjarr.tv\/en\/wp-json\/wp\/v2\/media?parent=123170"}],"wp:term":[{"taxonomy":"category","embeddable":true,"href":"https:\/\/zjarr.tv\/en\/wp-json\/wp\/v2\/categories?post=123170"},{"taxonomy":"post_tag","embeddable":true,"href":"https:\/\/zjarr.tv\/en\/wp-json\/wp\/v2\/tags?post=123170"}],"curies":[{"name":"wp","href":"https:\/\/api.w.org\/{rel}","templated":true}]}}