{"id":123175,"date":"2020-03-02T14:20:56","date_gmt":"2020-03-02T13:20:56","guid":{"rendered":"https:\/\/zjarr.tv\/?p=123175"},"modified":"2020-03-02T14:20:56","modified_gmt":"2020-03-02T13:20:56","slug":"raporti-i-ke-per-shqiperine-oliver-varhelyi-shpresoj-ne-nje-vendim-pozitiv","status":"publish","type":"post","link":"https:\/\/zjarr.tv\/en\/raporti-i-ke-per-shqiperine-oliver-varhelyi-shpresoj-ne-nje-vendim-pozitiv\/","title":{"rendered":"Raporti i KE p\u00ebr Shqip\u00ebrin\u00eb, Oliver Varhelyi: Shpresoj n\u00eb nj\u00eb vendim pozitiv"},"content":{"rendered":"<p>Komisioneri p\u00ebr Zgjerim dhe Fqinj\u00ebsi, Oliver Varhelyi ka komentuar raportin p\u00ebr Shqip\u00ebrin\u00eb dhe Maqedonin\u00eb e Veriut.<\/p>\n<p>N\u00eb t\u00ebitter, Varhelyi shprehet se dy vendet e Ballkanit Per\u00ebndimor kan\u00eb dh\u00ebn\u00eb rezultate t\u00eb prekshme dhe t\u00eb q\u00ebndrueshme.<\/p>\n<p>\u201c<em>Pas miratimit n\u00eb shkurt t\u00eb metodologjis\u00eb s\u00eb rishikuar p\u00ebr procesin e pranimit, ne sot po prezantojm\u00eb p\u00ebrdit\u00ebsimet tona p\u00ebr Shqip\u00ebrin\u00eb dhe Maqedonin\u00eb e Veriut. Ato tregojn\u00eb se vendet e kan\u00eb rritur pun\u00ebn e tyre dhe kan\u00eb dh\u00ebn\u00eb rezultate t\u00eb m\u00ebtejshme t\u00eb prekshme dhe t\u00eb q\u00ebndrueshme n\u00eb fushat kryesore t\u00eb identifikuara n\u00eb Konkluzionet e K\u00ebshillit t\u00eb qershorit 2018. Komisioni i mb\u00ebshtet fort rekomandimet e tij p\u00ebr t\u00eb hapur negociatat e pranimit me Shqip\u00ebrin\u00eb dhe Maqedonin\u00eb e Veriut dhe un\u00eb shpresoj q\u00eb Shtetet An\u00ebtare do t\u00eb marrin nj\u00eb vendim pozitiv p\u00ebrpara Samitit Bashkimi Evropian-Ballkani Per\u00ebndimor n\u00eb Zagreb, n\u00eb maj<\/em>.&#8221;<\/p>","protected":false},"excerpt":{"rendered":"<p>Komisioneri p\u00ebr Zgjerim dhe Fqinj\u00ebsi, Oliver Varhelyi ka komentuar raportin p\u00ebr Shqip\u00ebrin\u00eb dhe Maqedonin\u00eb e Veriut. N\u00eb t\u00ebitter, Varhelyi shprehet se dy vendet e Ballkanit Per\u00ebndimor kan\u00eb dh\u00ebn\u00eb rezultate t\u00eb prekshme dhe t\u00eb q\u00ebndrueshme. \u201cPas miratimit n\u00eb shkurt t\u00eb metodologjis\u00eb s\u00eb rishikuar p\u00ebr procesin e pranimit, ne sot po prezantojm\u00eb p\u00ebrdit\u00ebsimet tona p\u00ebr Shqip\u00ebrin\u00eb dhe [&hellip;]<\/p>\n","protected":false},"author":2013,"featured_media":123176,"comment_status":"open","ping_status":"closed","sticky":false,"template":"","format":"standard","meta":{"footnotes":""},"categories":[241,235],"tags":[],"class_list":{"0":"post-123175","1":"post","2":"type-post","3":"status-publish","4":"format-standard","5":"has-post-thumbnail","7":"category-aktualitet","8":"category-vendi"},"_links":{"self":[{"href":"https:\/\/zjarr.tv\/en\/wp-json\/wp\/v2\/posts\/123175","targetHints":{"allow":["GET"]}}],"collection":[{"href":"https:\/\/zjarr.tv\/en\/wp-json\/wp\/v2\/posts"}],"about":[{"href":"https:\/\/zjarr.tv\/en\/wp-json\/wp\/v2\/types\/post"}],"author":[{"embeddable":true,"href":"https:\/\/zjarr.tv\/en\/wp-json\/wp\/v2\/users\/2013"}],"replies":[{"embeddable":true,"href":"https:\/\/zjarr.tv\/en\/wp-json\/wp\/v2\/comments?post=123175"}],"version-history":[{"count":0,"href":"https:\/\/zjarr.tv\/en\/wp-json\/wp\/v2\/posts\/123175\/revisions"}],"wp:featuredmedia":[{"embeddable":true,"href":"https:\/\/zjarr.tv\/en\/wp-json\/wp\/v2\/media\/123176"}],"wp:attachment":[{"href":"https:\/\/zjarr.tv\/en\/wp-json\/wp\/v2\/media?parent=123175"}],"wp:term":[{"taxonomy":"category","embeddable":true,"href":"https:\/\/zjarr.tv\/en\/wp-json\/wp\/v2\/categories?post=123175"},{"taxonomy":"post_tag","embeddable":true,"href":"https:\/\/zjarr.tv\/en\/wp-json\/wp\/v2\/tags?post=123175"}],"curies":[{"name":"wp","href":"https:\/\/api.w.org\/{rel}","templated":true}]}}