{"id":123178,"date":"2020-03-02T14:22:18","date_gmt":"2020-03-02T13:22:18","guid":{"rendered":"https:\/\/zjarr.tv\/?p=123178"},"modified":"2020-03-02T14:22:18","modified_gmt":"2020-03-02T13:22:18","slug":"rama-amnisti-edhe-per-bizneset-qe-kane-krijuar-pasuri-te-ndershme","status":"publish","type":"post","link":"https:\/\/zjarr.tv\/en\/rama-amnisti-edhe-per-bizneset-qe-kane-krijuar-pasuri-te-ndershme\/","title":{"rendered":"Rama: Amnisti edhe p\u00ebr bizneset q\u00eb kan\u00eb krijuar pasuri t\u00eb ndershme"},"content":{"rendered":"<p>Jo vet\u00ebm emigrant\u00ebt dhe qytetar\u00ebt e thjesht, por edhe biznese q\u00eb kan\u00eb krijuar pasuri t\u00eb ndershme, por nuk e kan\u00eb deklaruar do t\u00eb amnistohen.Kryeministri Edi Rama duke folur n\u00eb seanc\u00ebn plenare theksoi se amnistia e p\u00ebrgjithshme fiskale shum\u00eb shpejt do t\u00eb vij\u00eb n\u00eb Kuvend, nd\u00ebrsa b\u00ebri t\u00eb ditur se nga ajo do t\u00eb p\u00ebrfitojn\u00eb t\u00eb gjith\u00eb ata q\u00eb kan\u00eb krijuar nj\u00eb pasuri q\u00eb nuk buron nga krimi.<\/p>\n<p><strong>Rama:<\/strong>\u00a0<em>Amnistia do t\u00eb vij\u00eb n\u00eb parlament shum\u00eb shpejt. Ndarja me thik\u00eb mes paras\u00eb s\u00eb fituar nga puna, qoft\u00eb kjo para e fituar dhe e deklaruar qoft\u00eb kjo para e fituar e padeklaruar, sic \u00ebsht\u00eb paraja e emigrant\u00ebve, apo sic \u00ebsht\u00eb paraja e shum\u00eb sip\u00ebrmarr\u00ebsve n\u00eb Shqip\u00ebri q\u00eb nuk kan\u00eb deklaruar t\u00eb gjitha t\u00eb ardhurat e tyre, por sidoqoft\u00eb jan\u00eb t\u00eb ardhura t\u00eb fituara nga puna.\u00a0<\/em><\/p>\n<p>Kryeministri b\u00ebri t\u00eb ditur se pasurit\u00eb \u00a0e krijuar me pun\u00eb t\u00eb ndershme do t\u00eb legalizohen kundrejt pages\u00ebs s\u00eb nj\u00eb takse t\u00eb caktuar.<\/p>\n<p><strong>Rama:<\/strong>\u00a0<em>P\u00ebr k\u00ebto t\u00eb ardhura duhet dh\u00ebn\u00eb mund\u00ebsia q\u00eb t\u00eb formalizohen duke i amnistuar me nj\u00eb komision, me nj\u00eb taks\u00eb. \u00a0<\/em><\/p>\n<p>Kreu i qeveris\u00eb n\u00ebnvizoi se \u00e7do pasuri q\u00eb nuk deklarohet gjat\u00eb periudh\u00ebs q\u00eb do t\u00eb zgjas\u00eb amnistia do t\u00eb konsiderohet m\u00eb pas kriminale.<\/p>","protected":false},"excerpt":{"rendered":"<p>Jo vet\u00ebm emigrant\u00ebt dhe qytetar\u00ebt e thjesht, por edhe biznese q\u00eb kan\u00eb krijuar pasuri t\u00eb ndershme, por nuk e kan\u00eb deklaruar do t\u00eb amnistohen.Kryeministri Edi Rama duke folur n\u00eb seanc\u00ebn plenare theksoi se amnistia e p\u00ebrgjithshme fiskale shum\u00eb shpejt do t\u00eb vij\u00eb n\u00eb Kuvend, nd\u00ebrsa b\u00ebri t\u00eb ditur se nga ajo do t\u00eb p\u00ebrfitojn\u00eb t\u00eb [&hellip;]<\/p>\n","protected":false},"author":2013,"featured_media":123179,"comment_status":"open","ping_status":"closed","sticky":false,"template":"","format":"standard","meta":{"footnotes":""},"categories":[241,235],"tags":[],"class_list":{"0":"post-123178","1":"post","2":"type-post","3":"status-publish","4":"format-standard","5":"has-post-thumbnail","7":"category-aktualitet","8":"category-vendi"},"_links":{"self":[{"href":"https:\/\/zjarr.tv\/en\/wp-json\/wp\/v2\/posts\/123178","targetHints":{"allow":["GET"]}}],"collection":[{"href":"https:\/\/zjarr.tv\/en\/wp-json\/wp\/v2\/posts"}],"about":[{"href":"https:\/\/zjarr.tv\/en\/wp-json\/wp\/v2\/types\/post"}],"author":[{"embeddable":true,"href":"https:\/\/zjarr.tv\/en\/wp-json\/wp\/v2\/users\/2013"}],"replies":[{"embeddable":true,"href":"https:\/\/zjarr.tv\/en\/wp-json\/wp\/v2\/comments?post=123178"}],"version-history":[{"count":0,"href":"https:\/\/zjarr.tv\/en\/wp-json\/wp\/v2\/posts\/123178\/revisions"}],"wp:featuredmedia":[{"embeddable":true,"href":"https:\/\/zjarr.tv\/en\/wp-json\/wp\/v2\/media\/123179"}],"wp:attachment":[{"href":"https:\/\/zjarr.tv\/en\/wp-json\/wp\/v2\/media?parent=123178"}],"wp:term":[{"taxonomy":"category","embeddable":true,"href":"https:\/\/zjarr.tv\/en\/wp-json\/wp\/v2\/categories?post=123178"},{"taxonomy":"post_tag","embeddable":true,"href":"https:\/\/zjarr.tv\/en\/wp-json\/wp\/v2\/tags?post=123178"}],"curies":[{"name":"wp","href":"https:\/\/api.w.org\/{rel}","templated":true}]}}