{"id":123184,"date":"2020-03-02T14:27:28","date_gmt":"2020-03-02T13:27:28","guid":{"rendered":"https:\/\/zjarr.tv\/?p=123184"},"modified":"2020-03-02T14:27:28","modified_gmt":"2020-03-02T13:27:28","slug":"mbrojtese-metalike-te-dera-e-kryeministrise-dhe-kordon-perreth-masat-e-policise-per-manifestimin-e-sotem","status":"publish","type":"post","link":"https:\/\/zjarr.tv\/en\/mbrojtese-metalike-te-dera-e-kryeministrise-dhe-kordon-perreth-masat-e-policise-per-manifestimin-e-sotem\/","title":{"rendered":"Mbrojt\u00ebse metalike te dera e Kryeministris\u00eb dhe kordon p\u00ebrreth, masat e policis\u00eb p\u00ebr manifestimin e sot\u00ebm"},"content":{"rendered":"<p>Sot n\u00eb or\u00ebn 17:00 do t\u00eb zhvillohet manifestimi i thirrur nga presidenti i vendit Ilir Meta, q\u00eb si\u00e7 ka th\u00ebn\u00eb, b\u00ebhet p\u00ebr t\u00eb mbrojtur Kushtetut\u00ebn e Shqip\u00ebris\u00eb. N\u00eb lidhje me k\u00ebt\u00eb manifest, Policia e Shtetit ka marr\u00eb t\u00eb gjitha masat e duhura p\u00ebr mbar\u00eb-vajtjen e saj. Policia e Tiran\u00ebs ka nisur t\u00eb zbatoj\u00eb masat e saj. N\u00eb terren pritet q\u00eb t\u00eb zbresin rreth 1000 polic\u00eb. Gjat\u00eb k\u00ebsaj kohe, Policia Kriminale ka inspektuar zon\u00ebn. Dera kryesore e Kryeministris\u00eb \u00ebsht\u00eb mbuluar me material metalik. Policia e ka dh\u00ebn\u00eb lejen p\u00ebr tubim. Policia Rrugore ka nisur t\u00eb inspektoj\u00eb zon\u00ebn p\u00ebrreth.<\/p>\n<p>Po ashtu, edhe ambulanca e t\u00eb tjera mjete jan\u00eb n\u00eb vendngjarje. Autobus\u00ebt q\u00eb vijn\u00eb nga veriu do t\u00eb ndalohen tek \u201cAsllan Rusi\u201d, nd\u00ebrsa autobus\u00ebt q\u00eb vijn\u00eb nga jugu do t\u00eb parkohen tek Fakulteti Ekonomik.<\/p>","protected":false},"excerpt":{"rendered":"<p>Sot n\u00eb or\u00ebn 17:00 do t\u00eb zhvillohet manifestimi i thirrur nga presidenti i vendit Ilir Meta, q\u00eb si\u00e7 ka th\u00ebn\u00eb, b\u00ebhet p\u00ebr t\u00eb mbrojtur Kushtetut\u00ebn e Shqip\u00ebris\u00eb. N\u00eb lidhje me k\u00ebt\u00eb manifest, Policia e Shtetit ka marr\u00eb t\u00eb gjitha masat e duhura p\u00ebr mbar\u00eb-vajtjen e saj. Policia e Tiran\u00ebs ka nisur t\u00eb zbatoj\u00eb masat e [&hellip;]<\/p>\n","protected":false},"author":2013,"featured_media":123185,"comment_status":"open","ping_status":"closed","sticky":false,"template":"","format":"standard","meta":{"footnotes":""},"categories":[241,235],"tags":[],"class_list":{"0":"post-123184","1":"post","2":"type-post","3":"status-publish","4":"format-standard","5":"has-post-thumbnail","7":"category-aktualitet","8":"category-vendi"},"_links":{"self":[{"href":"https:\/\/zjarr.tv\/en\/wp-json\/wp\/v2\/posts\/123184","targetHints":{"allow":["GET"]}}],"collection":[{"href":"https:\/\/zjarr.tv\/en\/wp-json\/wp\/v2\/posts"}],"about":[{"href":"https:\/\/zjarr.tv\/en\/wp-json\/wp\/v2\/types\/post"}],"author":[{"embeddable":true,"href":"https:\/\/zjarr.tv\/en\/wp-json\/wp\/v2\/users\/2013"}],"replies":[{"embeddable":true,"href":"https:\/\/zjarr.tv\/en\/wp-json\/wp\/v2\/comments?post=123184"}],"version-history":[{"count":0,"href":"https:\/\/zjarr.tv\/en\/wp-json\/wp\/v2\/posts\/123184\/revisions"}],"wp:featuredmedia":[{"embeddable":true,"href":"https:\/\/zjarr.tv\/en\/wp-json\/wp\/v2\/media\/123185"}],"wp:attachment":[{"href":"https:\/\/zjarr.tv\/en\/wp-json\/wp\/v2\/media?parent=123184"}],"wp:term":[{"taxonomy":"category","embeddable":true,"href":"https:\/\/zjarr.tv\/en\/wp-json\/wp\/v2\/categories?post=123184"},{"taxonomy":"post_tag","embeddable":true,"href":"https:\/\/zjarr.tv\/en\/wp-json\/wp\/v2\/tags?post=123184"}],"curies":[{"name":"wp","href":"https:\/\/api.w.org\/{rel}","templated":true}]}}