{"id":123190,"date":"2020-03-02T14:36:46","date_gmt":"2020-03-02T13:36:46","guid":{"rendered":"https:\/\/zjarr.tv\/?p=123190"},"modified":"2020-03-02T14:36:46","modified_gmt":"2020-03-02T13:36:46","slug":"nje-i-denuar-humb-jeten-ne-burgun-e-peqinit","status":"publish","type":"post","link":"https:\/\/zjarr.tv\/en\/nje-i-denuar-humb-jeten-ne-burgun-e-peqinit\/","title":{"rendered":"Nj\u00eb i d\u00ebnuar humb jet\u00ebn n\u00eb burgun e Peqinit"},"content":{"rendered":"<p>Nj\u00eb ngjarje e r\u00ebnd\u00eb ka ndodhur n\u00eb burgun e Peqinit pasi burime kofidenciale p\u00ebr Fax News raportojn\u00eb se nj\u00eb i d\u00ebnuar ka nd\u00ebrruar jet\u00eb. Ngjarja ka ndodhur 30 minuta m\u00eb par\u00eb nd\u00ebrsa burime b\u00ebjn\u00eb me dije se n\u00eb momentin kur i nd\u00ebrruari ka qen\u00eb n\u00eb momentet e fundit t\u00eb jet\u00ebs nuk ka pasur mjek pran\u00eb.<\/p>\n<p>Ende nuk \u00ebsht\u00eb b\u00ebr\u00eb e ditur arsyeja e vdekjes si dhe emri i personit q\u00eb ka humbur jet\u00ebn, nd\u00ebrkoh\u00eb q\u00eb nj\u00eb ngjarje e till\u00eb nuk \u00ebsht\u00eb e re n\u00eb organet e vuajtjes s\u00eb d\u00ebnimit n\u00eb Shqip\u00ebri. Nga ana tjet\u00ebr, nuk ka asnj\u00eb reagim t\u00eb Policis\u00eb, Drejtoris\u00eb s\u00eb Burgjeve apo institucioni t\u00eb burgut n\u00eb Peqin p\u00ebr ngjarjen. Vet\u00ebm pak koh\u00eb m\u00eb par\u00eb n\u00eb t\u00eb nj\u00ebjtin burg \u00ebsht\u00eb gjetur i pajet\u00eb, Andon M\u00ebhillaj, i d\u00ebnuar me burgim t\u00eb p\u00ebrjetsh\u00ebm akuzuar si pjes\u00eb e band\u00ebs s\u00eb tritolit.<\/p>","protected":false},"excerpt":{"rendered":"<p>Nj\u00eb ngjarje e r\u00ebnd\u00eb ka ndodhur n\u00eb burgun e Peqinit pasi burime kofidenciale p\u00ebr Fax News raportojn\u00eb se nj\u00eb i d\u00ebnuar ka nd\u00ebrruar jet\u00eb. Ngjarja ka ndodhur 30 minuta m\u00eb par\u00eb nd\u00ebrsa burime b\u00ebjn\u00eb me dije se n\u00eb momentin kur i nd\u00ebrruari ka qen\u00eb n\u00eb momentet e fundit t\u00eb jet\u00ebs nuk ka pasur mjek pran\u00eb. [&hellip;]<\/p>\n","protected":false},"author":2013,"featured_media":38161,"comment_status":"open","ping_status":"closed","sticky":false,"template":"","format":"standard","meta":{"footnotes":""},"categories":[241,235],"tags":[],"class_list":{"0":"post-123190","1":"post","2":"type-post","3":"status-publish","4":"format-standard","5":"has-post-thumbnail","7":"category-aktualitet","8":"category-vendi"},"_links":{"self":[{"href":"https:\/\/zjarr.tv\/en\/wp-json\/wp\/v2\/posts\/123190","targetHints":{"allow":["GET"]}}],"collection":[{"href":"https:\/\/zjarr.tv\/en\/wp-json\/wp\/v2\/posts"}],"about":[{"href":"https:\/\/zjarr.tv\/en\/wp-json\/wp\/v2\/types\/post"}],"author":[{"embeddable":true,"href":"https:\/\/zjarr.tv\/en\/wp-json\/wp\/v2\/users\/2013"}],"replies":[{"embeddable":true,"href":"https:\/\/zjarr.tv\/en\/wp-json\/wp\/v2\/comments?post=123190"}],"version-history":[{"count":0,"href":"https:\/\/zjarr.tv\/en\/wp-json\/wp\/v2\/posts\/123190\/revisions"}],"wp:featuredmedia":[{"embeddable":true,"href":"https:\/\/zjarr.tv\/en\/wp-json\/wp\/v2\/media\/38161"}],"wp:attachment":[{"href":"https:\/\/zjarr.tv\/en\/wp-json\/wp\/v2\/media?parent=123190"}],"wp:term":[{"taxonomy":"category","embeddable":true,"href":"https:\/\/zjarr.tv\/en\/wp-json\/wp\/v2\/categories?post=123190"},{"taxonomy":"post_tag","embeddable":true,"href":"https:\/\/zjarr.tv\/en\/wp-json\/wp\/v2\/tags?post=123190"}],"curies":[{"name":"wp","href":"https:\/\/api.w.org\/{rel}","templated":true}]}}