{"id":123192,"date":"2020-03-02T14:38:20","date_gmt":"2020-03-02T13:38:20","guid":{"rendered":"https:\/\/zjarr.tv\/?p=123192"},"modified":"2020-03-02T14:38:20","modified_gmt":"2020-03-02T13:38:20","slug":"beselidhja-ndan-politikanet-meta-sot-perkujtim-historik-lleshaj-skemi-nevoje-per-nje-te-re","status":"publish","type":"post","link":"https:\/\/zjarr.tv\/en\/beselidhja-ndan-politikanet-meta-sot-perkujtim-historik-lleshaj-skemi-nevoje-per-nje-te-re\/","title":{"rendered":"\u201cBes\u00eblidhja\u201d ndan politikan\u00ebt. Meta: Sot, p\u00ebrkujtim historik. Lleshaj: S`kemi nevoj\u00eb p\u00ebr nj\u00eb t\u00eb re"},"content":{"rendered":"<p>Presidenti Ilir Meta ishte i pari q\u00eb p\u00ebrkujtoi dit\u00ebn kur shqiptar\u00ebt lidh\u00ebn bes\u00ebn p\u00ebr bashkim m\u00eb 2 Marsin e vitit 1444, nj\u00eb akt frym\u00ebzues n\u00eb koh\u00eb t\u00eb v\u00ebshtira. Por Shqip\u00ebria sipas Presidentit sot k\u00ebrc\u00ebnohet nga nj\u00eb rrezik i ri, ndaj Ai thirri qytetar\u00ebt p\u00ebr nj\u00eb beslidhje t\u00eb re n\u00eb at\u00eb q\u00eb e quan &#8220;pranvera kuqezi&#8221;.<\/p>\n<p>\u201c<em>Sot n\u00eb p\u00ebrkujtim t\u00eb ngjarjes historike t\u00eb Bes\u00eblidhjes s\u00eb Lezh\u00ebs, unifikimit komb\u00ebtar p\u00ebrball\u00eb rrezikut t\u00eb asimilimit e shkomb\u00ebtarizimit, mesazhi q\u00eb na sjell nga historia, uroj t\u00eb na ndihmoj\u00eb ne t\u00eb gjith\u00ebve p\u00ebr reflektuar, p\u00ebr t\u2019u ngritur dhe bashkuar sa nuk \u00ebsht\u00eb von\u00eb, n\u00eb nj\u00eb Bes\u00eblidhje t\u00eb re, po aq t\u00eb fort\u00eb e gjith\u00ebp\u00ebrfshir\u00ebse, p\u00ebrball\u00eb nj\u00eb rreziku t\u00eb ri pushtimi nga nj\u00eb sekt mafioz, pa fe, pa familje, pa atdhe, q\u00eb ka marr\u00eb peng t\u00eb ardhmen e \u00e7do shqiptari! Z\u00ebri i popullit \u00ebsht\u00eb z\u00ebri i Zotit! Erdhi koha t\u00eb d\u00ebgjohet sa m\u00eb fort!\u201d,<\/em>\u00a0shrkuajti Presidenti.<\/p>\n<p>Ceremonia zyrtare e p\u00ebrkujtimit t\u00eb beslidhjes s\u00eb princave u mbajt n\u00eb Lezh\u00eb si\u00e7 e do tradita. Ministri i Brendsh\u00ebm si p\u00ebrfaq\u00ebsues i mazhoranc\u00ebs prej aty nuk e kurseu nj\u00eb thumbim ndaj kreut t\u00eb shtetit.\u00a0<em>\u201cJo sa her\u00eb kemi hall duhet t\u00eb b\u00ebjm\u00eb bes\u00eblidhje t\u00eb reja mbi parime t\u00eb reja. N\u00eb fakt vlera jon\u00eb q\u00ebndron q\u00eb ta ruajm\u00eb at\u00eb bes\u00eblidhjen e vjet\u00ebr\u201d,<\/em>\u00a0tha Lleshaj.<\/p>\n<p>Historiani P\u00ebllumb Xhufi n\u00eb mesazhin e tij e kishte tek simbolika p\u00ebrbashkuese e 2 Marsit. \u201c<em>Modelin e shqiptarit, shtetarit q\u00eb e shkriu jet\u00ebn e tij duke mbrojtur vendin e tij\u201d<\/em>, tha Xhufi. \u00a0Ky 2 mars sh\u00ebnoi 576 vjetorin e bes\u00eblidhjes s\u00eb princave shqiptar\u00eb n\u00eb Lezh\u00eb n\u00ebn drejtimin e Gjergj Kastriot Sk\u00ebnderbeut!<\/p>","protected":false},"excerpt":{"rendered":"<p>Presidenti Ilir Meta ishte i pari q\u00eb p\u00ebrkujtoi dit\u00ebn kur shqiptar\u00ebt lidh\u00ebn bes\u00ebn p\u00ebr bashkim m\u00eb 2 Marsin e vitit 1444, nj\u00eb akt frym\u00ebzues n\u00eb koh\u00eb t\u00eb v\u00ebshtira. Por Shqip\u00ebria sipas Presidentit sot k\u00ebrc\u00ebnohet nga nj\u00eb rrezik i ri, ndaj Ai thirri qytetar\u00ebt p\u00ebr nj\u00eb beslidhje t\u00eb re n\u00eb at\u00eb q\u00eb e quan &#8220;pranvera kuqezi&#8221;. [&hellip;]<\/p>\n","protected":false},"author":2013,"featured_media":123193,"comment_status":"open","ping_status":"closed","sticky":false,"template":"","format":"standard","meta":{"footnotes":""},"categories":[241,235],"tags":[],"class_list":{"0":"post-123192","1":"post","2":"type-post","3":"status-publish","4":"format-standard","5":"has-post-thumbnail","7":"category-aktualitet","8":"category-vendi"},"_links":{"self":[{"href":"https:\/\/zjarr.tv\/en\/wp-json\/wp\/v2\/posts\/123192","targetHints":{"allow":["GET"]}}],"collection":[{"href":"https:\/\/zjarr.tv\/en\/wp-json\/wp\/v2\/posts"}],"about":[{"href":"https:\/\/zjarr.tv\/en\/wp-json\/wp\/v2\/types\/post"}],"author":[{"embeddable":true,"href":"https:\/\/zjarr.tv\/en\/wp-json\/wp\/v2\/users\/2013"}],"replies":[{"embeddable":true,"href":"https:\/\/zjarr.tv\/en\/wp-json\/wp\/v2\/comments?post=123192"}],"version-history":[{"count":0,"href":"https:\/\/zjarr.tv\/en\/wp-json\/wp\/v2\/posts\/123192\/revisions"}],"wp:featuredmedia":[{"embeddable":true,"href":"https:\/\/zjarr.tv\/en\/wp-json\/wp\/v2\/media\/123193"}],"wp:attachment":[{"href":"https:\/\/zjarr.tv\/en\/wp-json\/wp\/v2\/media?parent=123192"}],"wp:term":[{"taxonomy":"category","embeddable":true,"href":"https:\/\/zjarr.tv\/en\/wp-json\/wp\/v2\/categories?post=123192"},{"taxonomy":"post_tag","embeddable":true,"href":"https:\/\/zjarr.tv\/en\/wp-json\/wp\/v2\/tags?post=123192"}],"curies":[{"name":"wp","href":"https:\/\/api.w.org\/{rel}","templated":true}]}}