{"id":123197,"date":"2020-03-02T14:58:55","date_gmt":"2020-03-02T13:58:55","guid":{"rendered":"https:\/\/zjarr.tv\/?p=123197"},"modified":"2020-03-02T14:58:55","modified_gmt":"2020-03-02T13:58:55","slug":"pas-raportit-te-ke-rama-mbledh-ministrat-dhe-deputetet-ne-seline-e-ps","status":"publish","type":"post","link":"https:\/\/zjarr.tv\/en\/pas-raportit-te-ke-rama-mbledh-ministrat-dhe-deputetet-ne-seline-e-ps\/","title":{"rendered":"Pas raportit t\u00eb KE, Rama mbledh ministrat dhe deputet\u00ebt n\u00eb selin\u00eb e PS"},"content":{"rendered":"<p>Kryeministri Edi Rama ka mbledhur n\u00eb nj\u00eb takim ministrat dhe deputetet. Takimi po zhvillohet n\u00eb selin\u00eb e Partis\u00eb Socialiste, nd\u00ebrsa nuk ka detaje.<\/p>\n<p>Ky takim vjen pas publikimit t\u00eb raportit t\u00eb Komisionit Evropian p\u00ebr Shqip\u00ebrin\u00eb dhe Maqedonin\u00eb e Veriut, ku k\u00ebrkohet hapja e negociatave.<\/p>\n<p>Komisioni ka vler\u00ebsuar pozitivisht p\u00ebrparimin e vendit. N\u00eb dokumentin e siguruar nga Ora News thuhet se Shqip\u00ebria ka rritur p\u00ebrpjekjet dhe ka treguar rezultate t\u00eb m\u00ebtejshme t\u00eb prekshme dhe t\u00eb q\u00ebndrueshme n\u00eb fushat kryesore.<\/p>","protected":false},"excerpt":{"rendered":"<p>Kryeministri Edi Rama ka mbledhur n\u00eb nj\u00eb takim ministrat dhe deputetet. Takimi po zhvillohet n\u00eb selin\u00eb e Partis\u00eb Socialiste, nd\u00ebrsa nuk ka detaje. Ky takim vjen pas publikimit t\u00eb raportit t\u00eb Komisionit Evropian p\u00ebr Shqip\u00ebrin\u00eb dhe Maqedonin\u00eb e Veriut, ku k\u00ebrkohet hapja e negociatave. Komisioni ka vler\u00ebsuar pozitivisht p\u00ebrparimin e vendit. N\u00eb dokumentin e siguruar [&hellip;]<\/p>\n","protected":false},"author":2013,"featured_media":30694,"comment_status":"open","ping_status":"closed","sticky":false,"template":"","format":"standard","meta":{"footnotes":""},"categories":[241,235],"tags":[],"class_list":{"0":"post-123197","1":"post","2":"type-post","3":"status-publish","4":"format-standard","5":"has-post-thumbnail","7":"category-aktualitet","8":"category-vendi"},"_links":{"self":[{"href":"https:\/\/zjarr.tv\/en\/wp-json\/wp\/v2\/posts\/123197","targetHints":{"allow":["GET"]}}],"collection":[{"href":"https:\/\/zjarr.tv\/en\/wp-json\/wp\/v2\/posts"}],"about":[{"href":"https:\/\/zjarr.tv\/en\/wp-json\/wp\/v2\/types\/post"}],"author":[{"embeddable":true,"href":"https:\/\/zjarr.tv\/en\/wp-json\/wp\/v2\/users\/2013"}],"replies":[{"embeddable":true,"href":"https:\/\/zjarr.tv\/en\/wp-json\/wp\/v2\/comments?post=123197"}],"version-history":[{"count":0,"href":"https:\/\/zjarr.tv\/en\/wp-json\/wp\/v2\/posts\/123197\/revisions"}],"wp:featuredmedia":[{"embeddable":true,"href":"https:\/\/zjarr.tv\/en\/wp-json\/wp\/v2\/media\/30694"}],"wp:attachment":[{"href":"https:\/\/zjarr.tv\/en\/wp-json\/wp\/v2\/media?parent=123197"}],"wp:term":[{"taxonomy":"category","embeddable":true,"href":"https:\/\/zjarr.tv\/en\/wp-json\/wp\/v2\/categories?post=123197"},{"taxonomy":"post_tag","embeddable":true,"href":"https:\/\/zjarr.tv\/en\/wp-json\/wp\/v2\/tags?post=123197"}],"curies":[{"name":"wp","href":"https:\/\/api.w.org\/{rel}","templated":true}]}}