{"id":123202,"date":"2020-03-02T16:30:13","date_gmt":"2020-03-02T15:30:13","guid":{"rendered":"https:\/\/zjarr.tv\/?p=123202"},"modified":"2020-03-02T16:30:13","modified_gmt":"2020-03-02T15:30:13","slug":"gjiknuri-permbyllja-e-reformes-zgjedhore-do-ti-dergonte-sinjal-pozitiv-brukselit-per-negociatat","status":"publish","type":"post","link":"https:\/\/zjarr.tv\/en\/gjiknuri-permbyllja-e-reformes-zgjedhore-do-ti-dergonte-sinjal-pozitiv-brukselit-per-negociatat\/","title":{"rendered":"Gjiknuri: P\u00ebrmbyllja e reform\u00ebs zgjedhore do t&#8217;i d\u00ebrgonte sinjal pozitiv Brukselit p\u00ebr negociatat"},"content":{"rendered":"<p>Bashk\u00ebkryetari i Komisionit t\u00eb Posa\u00e7\u00ebm p\u00ebr Reform\u00ebn Zgjedhore, Damian Gjiknuri, zhvilloi sot nj\u00eb takim me ambasadorin e BE-s\u00eb, Luigi Soreca.<\/p>\n<p>N\u00eb nj\u00eb postim n\u00eb facebook, Gjiknuri thot\u00eb se e informoi diplomatin europian p\u00ebr ecurin\u00eb e procesit t\u00eb reform\u00ebs zgjedhore.<\/p>\n<p>Gjiknuri n\u00ebnvizon se Bashkimi Evropian mb\u00ebshtet dhe inkurajon vazhdimin e dialogut mes aktor\u00ebve politik t\u00eb p\u00ebrfshir\u00eb n\u00eb k\u00ebt\u00eb proces.<\/p>\n<p>Sipas tij, p\u00ebrmbyllja me sukses e reform\u00ebs dhe adresimi i rekomandimeve t\u00eb OSBE\/ODIHR do t\u00eb ishte nj\u00eb mesazh shum\u00eb i mir\u00eb p\u00ebr t\u00eb gjitha vendet an\u00ebtare t\u00eb BE, n\u00eb prag t\u00eb vendimmarrjes p\u00ebr \u00e7\u00ebshtjen e hapjes s\u00eb negociatave me Shqip\u00ebrin\u00eb.<\/p>\n<p>Pal\u00ebt politike jan\u00eb dakord\u00ebsuar q\u00eb reforma zgjedhore duhet t\u00eb p\u00ebrmbyllet jo m\u00eb von\u00eb se data 15 mars e k\u00ebtij viti.<\/p>","protected":false},"excerpt":{"rendered":"<p>Bashk\u00ebkryetari i Komisionit t\u00eb Posa\u00e7\u00ebm p\u00ebr Reform\u00ebn Zgjedhore, Damian Gjiknuri, zhvilloi sot nj\u00eb takim me ambasadorin e BE-s\u00eb, Luigi Soreca. N\u00eb nj\u00eb postim n\u00eb facebook, Gjiknuri thot\u00eb se e informoi diplomatin europian p\u00ebr ecurin\u00eb e procesit t\u00eb reform\u00ebs zgjedhore. Gjiknuri n\u00ebnvizon se Bashkimi Evropian mb\u00ebshtet dhe inkurajon vazhdimin e dialogut mes aktor\u00ebve politik t\u00eb p\u00ebrfshir\u00eb [&hellip;]<\/p>\n","protected":false},"author":2013,"featured_media":123203,"comment_status":"open","ping_status":"closed","sticky":false,"template":"","format":"standard","meta":{"footnotes":""},"categories":[241,235],"tags":[],"class_list":{"0":"post-123202","1":"post","2":"type-post","3":"status-publish","4":"format-standard","5":"has-post-thumbnail","7":"category-aktualitet","8":"category-vendi"},"_links":{"self":[{"href":"https:\/\/zjarr.tv\/en\/wp-json\/wp\/v2\/posts\/123202","targetHints":{"allow":["GET"]}}],"collection":[{"href":"https:\/\/zjarr.tv\/en\/wp-json\/wp\/v2\/posts"}],"about":[{"href":"https:\/\/zjarr.tv\/en\/wp-json\/wp\/v2\/types\/post"}],"author":[{"embeddable":true,"href":"https:\/\/zjarr.tv\/en\/wp-json\/wp\/v2\/users\/2013"}],"replies":[{"embeddable":true,"href":"https:\/\/zjarr.tv\/en\/wp-json\/wp\/v2\/comments?post=123202"}],"version-history":[{"count":0,"href":"https:\/\/zjarr.tv\/en\/wp-json\/wp\/v2\/posts\/123202\/revisions"}],"wp:featuredmedia":[{"embeddable":true,"href":"https:\/\/zjarr.tv\/en\/wp-json\/wp\/v2\/media\/123203"}],"wp:attachment":[{"href":"https:\/\/zjarr.tv\/en\/wp-json\/wp\/v2\/media?parent=123202"}],"wp:term":[{"taxonomy":"category","embeddable":true,"href":"https:\/\/zjarr.tv\/en\/wp-json\/wp\/v2\/categories?post=123202"},{"taxonomy":"post_tag","embeddable":true,"href":"https:\/\/zjarr.tv\/en\/wp-json\/wp\/v2\/tags?post=123202"}],"curies":[{"name":"wp","href":"https:\/\/api.w.org\/{rel}","templated":true}]}}