{"id":123214,"date":"2020-03-02T17:13:01","date_gmt":"2020-03-02T16:13:01","guid":{"rendered":"https:\/\/zjarr.tv\/?p=123214"},"modified":"2020-03-02T17:13:01","modified_gmt":"2020-03-02T16:13:01","slug":"banoret-e-unazes-se-re-me-jeleke-portokalli-e-flamuj-kuqezi-drejt-bulevardit-e-duam-shqiperine-si-gjithe-europa","status":"publish","type":"post","link":"https:\/\/zjarr.tv\/en\/banoret-e-unazes-se-re-me-jeleke-portokalli-e-flamuj-kuqezi-drejt-bulevardit-e-duam-shqiperine-si-gjithe-europa\/","title":{"rendered":"Banor\u00ebt e Unaz\u00ebs s\u00eb Re me jelek\u00eb portokalli e flamuj kuqezi drejt Bulevardit: E duam Shqip\u00ebrin\u00eb si gjith\u00eb Europa!"},"content":{"rendered":"<p>Edhe banor\u00ebt e Unaz\u00ebs s\u00eb Re q\u00eb kan\u00eb protestuar prej muajsh e muajsh p\u00ebr t\u00eb mos lejuar prishjen e banesave t\u00eb tyre i jan\u00eb bashkuar manifestimit t\u00eb thirrur nga Presidenti i Republik\u00ebs Ilir Meta. T\u00eb veshur me jelek\u00ebt e tyre portokalli e flamuj t\u00eb vegj\u00ebl kuq e zi n\u00eb duar ata kan\u00eb marshuar nga Unaza e Re drejt Bulevardit me thirrje si \u201cLiri Demokraci!\u201d, \u201cE duam Shqip\u00ebrin\u00eb si gjith\u00eb Europa\u201d.<\/p>","protected":false},"excerpt":{"rendered":"<p>Edhe banor\u00ebt e Unaz\u00ebs s\u00eb Re q\u00eb kan\u00eb protestuar prej muajsh e muajsh p\u00ebr t\u00eb mos lejuar prishjen e banesave t\u00eb tyre i jan\u00eb bashkuar manifestimit t\u00eb thirrur nga Presidenti i Republik\u00ebs Ilir Meta. T\u00eb veshur me jelek\u00ebt e tyre portokalli e flamuj t\u00eb vegj\u00ebl kuq e zi n\u00eb duar ata kan\u00eb marshuar nga Unaza [&hellip;]<\/p>\n","protected":false},"author":2013,"featured_media":123215,"comment_status":"open","ping_status":"closed","sticky":false,"template":"","format":"standard","meta":{"footnotes":""},"categories":[241,235],"tags":[],"class_list":{"0":"post-123214","1":"post","2":"type-post","3":"status-publish","4":"format-standard","5":"has-post-thumbnail","7":"category-aktualitet","8":"category-vendi"},"_links":{"self":[{"href":"https:\/\/zjarr.tv\/en\/wp-json\/wp\/v2\/posts\/123214","targetHints":{"allow":["GET"]}}],"collection":[{"href":"https:\/\/zjarr.tv\/en\/wp-json\/wp\/v2\/posts"}],"about":[{"href":"https:\/\/zjarr.tv\/en\/wp-json\/wp\/v2\/types\/post"}],"author":[{"embeddable":true,"href":"https:\/\/zjarr.tv\/en\/wp-json\/wp\/v2\/users\/2013"}],"replies":[{"embeddable":true,"href":"https:\/\/zjarr.tv\/en\/wp-json\/wp\/v2\/comments?post=123214"}],"version-history":[{"count":0,"href":"https:\/\/zjarr.tv\/en\/wp-json\/wp\/v2\/posts\/123214\/revisions"}],"wp:featuredmedia":[{"embeddable":true,"href":"https:\/\/zjarr.tv\/en\/wp-json\/wp\/v2\/media\/123215"}],"wp:attachment":[{"href":"https:\/\/zjarr.tv\/en\/wp-json\/wp\/v2\/media?parent=123214"}],"wp:term":[{"taxonomy":"category","embeddable":true,"href":"https:\/\/zjarr.tv\/en\/wp-json\/wp\/v2\/categories?post=123214"},{"taxonomy":"post_tag","embeddable":true,"href":"https:\/\/zjarr.tv\/en\/wp-json\/wp\/v2\/tags?post=123214"}],"curies":[{"name":"wp","href":"https:\/\/api.w.org\/{rel}","templated":true}]}}