{"id":123221,"date":"2020-03-02T17:41:13","date_gmt":"2020-03-02T16:41:13","guid":{"rendered":"https:\/\/zjarr.tv\/?p=123221"},"modified":"2020-03-02T17:41:13","modified_gmt":"2020-03-02T16:41:13","slug":"meta-sot-nis-pranvera-kuqezi-dhe-nuk-ndalet-deri-ne-rivendosjen-e-sovranitetit-te-popullit","status":"publish","type":"post","link":"https:\/\/zjarr.tv\/en\/meta-sot-nis-pranvera-kuqezi-dhe-nuk-ndalet-deri-ne-rivendosjen-e-sovranitetit-te-popullit\/","title":{"rendered":"Meta: Sot nis pranvera kuqezi dhe nuk ndalet deri n\u00eb rivendosjen e sovranitetit t\u00eb popullit"},"content":{"rendered":"<p>P\u00ebrpara se tu bashkohet qytetar\u00ebve n\u00eb bulevard, aty edhe ku i ka ftuar p\u00ebr nj\u00eb &#8220;beslidhje t\u00eb dyt\u00eb&#8221; p\u00ebr mbrojtjen e Kushtetut\u00ebs Ilir Meta p\u00ebrcolli nj\u00eb mesazh p\u00ebr ta.<\/p>\n<p>N\u00eb nj\u00eb video n\u00eb facebook, Meta thot\u00eb se sot nis pranvera kuqezi e cila nuk do t\u00eb ndalet deri n\u00eb rivendosjen \u00a0e sovranitetit t\u00eb popullit.<\/p>\n<p><em><strong>Meta:\u00a0<\/strong>T\u00eb dashur motra dhe v\u00ebllez\u00ebr edhe pak minuta dhe kam nderin e jasht\u00ebzakonsh\u00ebm q\u00eb t\u00eb bashkohem me t\u00eb gjith\u00eb ju n\u00eb k\u00ebt\u00eb pranver\u00eb kuqezi q\u00eb nis sot dhe nuk ndalet deri n\u00eb rivendosjen e sovranitetit tuaj. Liri demokraci p\u00ebr Shqip\u00ebrin\u00eb si gjith\u00eb Europa sot me 2 mars.<\/em><\/p>\n<p>M\u00eb her\u00ebt z\u00ebdh\u00ebn\u00ebsi Tedi Blushi njoftoi se Presidenti n\u00eb shesh do t\u00eb \u00a0 firmoset nj\u00eb dekret, do t\u00eb b\u00ebhet nj\u00eb votim dhe do t\u00eb shpallet nj\u00eb betim.<\/p>","protected":false},"excerpt":{"rendered":"<p>P\u00ebrpara se tu bashkohet qytetar\u00ebve n\u00eb bulevard, aty edhe ku i ka ftuar p\u00ebr nj\u00eb &#8220;beslidhje t\u00eb dyt\u00eb&#8221; p\u00ebr mbrojtjen e Kushtetut\u00ebs Ilir Meta p\u00ebrcolli nj\u00eb mesazh p\u00ebr ta. N\u00eb nj\u00eb video n\u00eb facebook, Meta thot\u00eb se sot nis pranvera kuqezi e cila nuk do t\u00eb ndalet deri n\u00eb rivendosjen \u00a0e sovranitetit t\u00eb popullit. Meta:\u00a0T\u00eb [&hellip;]<\/p>\n","protected":false},"author":2013,"featured_media":123222,"comment_status":"open","ping_status":"closed","sticky":false,"template":"","format":"standard","meta":{"footnotes":""},"categories":[241,235],"tags":[],"class_list":{"0":"post-123221","1":"post","2":"type-post","3":"status-publish","4":"format-standard","5":"has-post-thumbnail","7":"category-aktualitet","8":"category-vendi"},"_links":{"self":[{"href":"https:\/\/zjarr.tv\/en\/wp-json\/wp\/v2\/posts\/123221","targetHints":{"allow":["GET"]}}],"collection":[{"href":"https:\/\/zjarr.tv\/en\/wp-json\/wp\/v2\/posts"}],"about":[{"href":"https:\/\/zjarr.tv\/en\/wp-json\/wp\/v2\/types\/post"}],"author":[{"embeddable":true,"href":"https:\/\/zjarr.tv\/en\/wp-json\/wp\/v2\/users\/2013"}],"replies":[{"embeddable":true,"href":"https:\/\/zjarr.tv\/en\/wp-json\/wp\/v2\/comments?post=123221"}],"version-history":[{"count":0,"href":"https:\/\/zjarr.tv\/en\/wp-json\/wp\/v2\/posts\/123221\/revisions"}],"wp:featuredmedia":[{"embeddable":true,"href":"https:\/\/zjarr.tv\/en\/wp-json\/wp\/v2\/media\/123222"}],"wp:attachment":[{"href":"https:\/\/zjarr.tv\/en\/wp-json\/wp\/v2\/media?parent=123221"}],"wp:term":[{"taxonomy":"category","embeddable":true,"href":"https:\/\/zjarr.tv\/en\/wp-json\/wp\/v2\/categories?post=123221"},{"taxonomy":"post_tag","embeddable":true,"href":"https:\/\/zjarr.tv\/en\/wp-json\/wp\/v2\/tags?post=123221"}],"curies":[{"name":"wp","href":"https:\/\/api.w.org\/{rel}","templated":true}]}}