{"id":123235,"date":"2020-03-03T11:52:27","date_gmt":"2020-03-03T10:52:27","guid":{"rendered":"https:\/\/zjarr.tv\/?p=123235"},"modified":"2020-03-03T11:52:27","modified_gmt":"2020-03-03T10:52:27","slug":"soreca-reforma-ne-drejtesi-motori-qe-e-shtyn-shqiperine-drejt-anetaresimit-ne-be","status":"publish","type":"post","link":"https:\/\/zjarr.tv\/en\/soreca-reforma-ne-drejtesi-motori-qe-e-shtyn-shqiperine-drejt-anetaresimit-ne-be\/","title":{"rendered":"Soreca: Reforma n\u00eb drejt\u00ebsi, motori q\u00eb e shtyn Shqip\u00ebrin\u00eb drejt an\u00ebtar\u00ebsimit n\u00eb BE"},"content":{"rendered":"<p>Reforma n\u00eb drejt\u00ebsi \u00ebsht\u00eb kryefjala e ambasadorit t\u00eb BE, Luigi Soreca. N\u00eb aktivtetin mbi sfidat e Prokuroris\u00eb, Soreca tha se kjo reform\u00eb \u00ebsht\u00eb motori q\u00eb e shtyn Shqip\u00ebrin\u00eb drejt an\u00ebtar\u00ebsimit n\u00eb Bashkimin Evropian.<\/p>\n<p>Soreca garantoi mb\u00ebshtetjen e BE, nd\u00ebrsa tha se viti 2020 do t\u00eb jet\u00eb vendimtar p\u00ebr Shqip\u00ebrin\u00eb.<\/p>\n<p><strong>Luigi Soreca:<\/strong>\u00a0<em>Ju do t\u00eb keni mb\u00ebshtetjen e BE, ne do t\u00eb kemi edhe nj\u00eb projekt p\u00ebr hetimet financiare duke ju dh\u00ebn\u00eb k\u00ebshilla nga prokuror\u00eb t\u00eb BE.<\/em><\/p>\n<p><em>BE ka p\u00ebrcaktuar 34 mln \u00a0p\u00ebr q\u00ebndrueshm\u00ebrin\u00eb e reform\u00ebs. Sistemi i drejt\u00ebsis\u00eb n\u00eb Shqip\u00ebri dhe reformat kan\u00eb dh\u00ebn\u00eb nj\u00eb m\u00ebsim t\u00eb mir\u00eb se me pun\u00eb dhe me vullnet t\u00eb mir\u00eb p\u00ebr t\u00eb ardhmen shum\u00eb mund t\u00eb arrihet.\u00a0<\/em><em>2020 \u00ebsht\u00eb vendimtar dhe p\u00ebr vitet n\u00eb t\u00eb ardhmen \u00a0af\u00ebrt fokusi duhet t\u00eb jet\u00eb tek sistemi, t\u00eb b\u00ebhet me efikas dhe m\u00eb performues. \u00a0<\/em><em>Reforma n\u00eb drejt\u00ebsi \u00ebsht\u00eb motori q\u00eb e shtyn Shqip\u00ebrin\u00eb drejt an\u00ebtar\u00ebsimit n\u00eb BE.<\/em><\/p>\n<p>Referuar raportit t\u00eb KE, ambasadori beson se Shqip\u00ebria e meriton t\u00eb ec\u00eb p\u00ebrpara, duke shpresuar n\u00eb nj\u00eb vendim pozitiv t\u00eb vendeve an\u00ebtare t\u00eb BE p\u00ebr hapjen e negociatave.<\/p>","protected":false},"excerpt":{"rendered":"<p>Reforma n\u00eb drejt\u00ebsi \u00ebsht\u00eb kryefjala e ambasadorit t\u00eb BE, Luigi Soreca. N\u00eb aktivtetin mbi sfidat e Prokuroris\u00eb, Soreca tha se kjo reform\u00eb \u00ebsht\u00eb motori q\u00eb e shtyn Shqip\u00ebrin\u00eb drejt an\u00ebtar\u00ebsimit n\u00eb Bashkimin Evropian. Soreca garantoi mb\u00ebshtetjen e BE, nd\u00ebrsa tha se viti 2020 do t\u00eb jet\u00eb vendimtar p\u00ebr Shqip\u00ebrin\u00eb. Luigi Soreca:\u00a0Ju do t\u00eb keni mb\u00ebshtetjen [&hellip;]<\/p>\n","protected":false},"author":2013,"featured_media":91029,"comment_status":"open","ping_status":"closed","sticky":false,"template":"","format":"standard","meta":{"footnotes":""},"categories":[241,235],"tags":[],"class_list":{"0":"post-123235","1":"post","2":"type-post","3":"status-publish","4":"format-standard","5":"has-post-thumbnail","7":"category-aktualitet","8":"category-vendi"},"_links":{"self":[{"href":"https:\/\/zjarr.tv\/en\/wp-json\/wp\/v2\/posts\/123235","targetHints":{"allow":["GET"]}}],"collection":[{"href":"https:\/\/zjarr.tv\/en\/wp-json\/wp\/v2\/posts"}],"about":[{"href":"https:\/\/zjarr.tv\/en\/wp-json\/wp\/v2\/types\/post"}],"author":[{"embeddable":true,"href":"https:\/\/zjarr.tv\/en\/wp-json\/wp\/v2\/users\/2013"}],"replies":[{"embeddable":true,"href":"https:\/\/zjarr.tv\/en\/wp-json\/wp\/v2\/comments?post=123235"}],"version-history":[{"count":0,"href":"https:\/\/zjarr.tv\/en\/wp-json\/wp\/v2\/posts\/123235\/revisions"}],"wp:featuredmedia":[{"embeddable":true,"href":"https:\/\/zjarr.tv\/en\/wp-json\/wp\/v2\/media\/91029"}],"wp:attachment":[{"href":"https:\/\/zjarr.tv\/en\/wp-json\/wp\/v2\/media?parent=123235"}],"wp:term":[{"taxonomy":"category","embeddable":true,"href":"https:\/\/zjarr.tv\/en\/wp-json\/wp\/v2\/categories?post=123235"},{"taxonomy":"post_tag","embeddable":true,"href":"https:\/\/zjarr.tv\/en\/wp-json\/wp\/v2\/tags?post=123235"}],"curies":[{"name":"wp","href":"https:\/\/api.w.org\/{rel}","templated":true}]}}