{"id":123237,"date":"2020-03-03T11:55:50","date_gmt":"2020-03-03T10:55:50","guid":{"rendered":"https:\/\/zjarr.tv\/?p=123237"},"modified":"2020-03-03T11:55:50","modified_gmt":"2020-03-03T10:55:50","slug":"vlore-3-persona-qe-kaluan-ne-kufi-dyshohen-si-te-prekur-me-koronavirus","status":"publish","type":"post","link":"https:\/\/zjarr.tv\/en\/vlore-3-persona-qe-kaluan-ne-kufi-dyshohen-si-te-prekur-me-koronavirus\/","title":{"rendered":"Vlor\u00eb, 3 persona q\u00eb kaluan n\u00eb kufi dyshohen si t\u00eb prekur me koronavirus"},"content":{"rendered":"<p>Drejtori i operatorit t\u00eb kujdesit sh\u00ebndet\u00ebsor p\u00ebr qarkun e jugut konfirmon se nga qarku i Vlor\u00ebs jan\u00eb marr\u00eb 6 mostra t\u00eb personave t\u00eb dyshuar me koronavirus.<\/p>\n<p>K\u00ebta persona kane shfaqur simptoma dyshuese n\u00eb pikat e kalimit t\u00eb kufirit dhe p\u00ebr k\u00ebt\u00eb arsye jan\u00eb marr\u00eb si raste t\u00eb dyshuara.<\/p>\n<p>3 prej tyre kan\u00eb dal\u00eb negativ, nd\u00ebrsa 3 te tjer\u00eb jan\u00eb d\u00ebrguar sot n\u00eb Institutin e Sh\u00ebndetit Publik dhe po b\u00ebhet verifikimi paraprak i tyre.<\/p>\n<p>Gjithashtu ai shpjegon dhe urdhrin e ri t\u00eb ministris\u00eb se Sh\u00ebndet\u00ebsis\u00eb teksa ky urdh\u00ebr dhe udh\u00ebzimet p\u00ebrkat\u00ebse po zbatohen edhe n\u00eb Vlor\u00eb tashm\u00eb.<\/p>\n<p>Llapi nd\u00ebr t\u00eb tjera mohon faktin se n\u00eb Vlor\u00eb mungojn\u00eb maskat mbrojt\u00ebse kundrejt koronavirusit dhe shprehet se nga 1 milion e 200 mij\u00eb maska t\u00eb shp\u00ebrndara n\u00eb gjith\u00eb vendin 125 mij\u00eb jan\u00eb shp\u00ebrndar\u00eb n\u00eb qarkun e \u00a0Vlor\u00ebs n\u00eb spitalet rajonale t\u00eb k\u00ebtij t\u00eb fundit.<\/p>\n<p>Gjithashtu udh\u00ebzimi i ministris\u00eb i b\u00ebn thirrje bizneseve t\u00eb marrin t\u00eb gjitha masat hijeno-sanitare si\u00e7 jan\u00eb p\u00ebrdorimi i dorezave kur sh\u00ebrbejn\u00eb produkte si nj\u00eb mas\u00eb parandaluese kjo kundrejt koronavirusit.<\/p>","protected":false},"excerpt":{"rendered":"<p>Drejtori i operatorit t\u00eb kujdesit sh\u00ebndet\u00ebsor p\u00ebr qarkun e jugut konfirmon se nga qarku i Vlor\u00ebs jan\u00eb marr\u00eb 6 mostra t\u00eb personave t\u00eb dyshuar me koronavirus. K\u00ebta persona kane shfaqur simptoma dyshuese n\u00eb pikat e kalimit t\u00eb kufirit dhe p\u00ebr k\u00ebt\u00eb arsye jan\u00eb marr\u00eb si raste t\u00eb dyshuara. 3 prej tyre kan\u00eb dal\u00eb negativ, nd\u00ebrsa [&hellip;]<\/p>\n","protected":false},"author":2013,"featured_media":123238,"comment_status":"open","ping_status":"closed","sticky":false,"template":"","format":"standard","meta":{"footnotes":""},"categories":[241,235],"tags":[],"class_list":{"0":"post-123237","1":"post","2":"type-post","3":"status-publish","4":"format-standard","5":"has-post-thumbnail","7":"category-aktualitet","8":"category-vendi"},"_links":{"self":[{"href":"https:\/\/zjarr.tv\/en\/wp-json\/wp\/v2\/posts\/123237","targetHints":{"allow":["GET"]}}],"collection":[{"href":"https:\/\/zjarr.tv\/en\/wp-json\/wp\/v2\/posts"}],"about":[{"href":"https:\/\/zjarr.tv\/en\/wp-json\/wp\/v2\/types\/post"}],"author":[{"embeddable":true,"href":"https:\/\/zjarr.tv\/en\/wp-json\/wp\/v2\/users\/2013"}],"replies":[{"embeddable":true,"href":"https:\/\/zjarr.tv\/en\/wp-json\/wp\/v2\/comments?post=123237"}],"version-history":[{"count":0,"href":"https:\/\/zjarr.tv\/en\/wp-json\/wp\/v2\/posts\/123237\/revisions"}],"wp:featuredmedia":[{"embeddable":true,"href":"https:\/\/zjarr.tv\/en\/wp-json\/wp\/v2\/media\/123238"}],"wp:attachment":[{"href":"https:\/\/zjarr.tv\/en\/wp-json\/wp\/v2\/media?parent=123237"}],"wp:term":[{"taxonomy":"category","embeddable":true,"href":"https:\/\/zjarr.tv\/en\/wp-json\/wp\/v2\/categories?post=123237"},{"taxonomy":"post_tag","embeddable":true,"href":"https:\/\/zjarr.tv\/en\/wp-json\/wp\/v2\/tags?post=123237"}],"curies":[{"name":"wp","href":"https:\/\/api.w.org\/{rel}","templated":true}]}}