{"id":123245,"date":"2020-03-03T11:59:17","date_gmt":"2020-03-03T10:59:17","guid":{"rendered":"https:\/\/zjarr.tv\/?p=123245"},"modified":"2020-03-03T11:59:17","modified_gmt":"2020-03-03T10:59:17","slug":"nis-ne-kpk-seanca-degjimore-per-kryetarin-e-gjykates-se-vlores-skender-haluca","status":"publish","type":"post","link":"https:\/\/zjarr.tv\/en\/nis-ne-kpk-seanca-degjimore-per-kryetarin-e-gjykates-se-vlores-skender-haluca\/","title":{"rendered":"Nis n\u00eb KPK seanca d\u00ebgjimore p\u00ebr kryetarin e gjykat\u00ebs s\u00eb Vlor\u00ebs, Skender Haluca"},"content":{"rendered":"<p>Nis n\u00eb Komisioin e Pavarur t\u00eb Kualifikimit seanca d\u00ebgjimore p\u00ebr Skender Haluc\u00ebn kryetar i gjykat\u00ebs s\u00eb Vlor\u00ebs.<\/p>\n<p>Relatori Olsi Komici e ka rr\u00ebzuar k\u00ebrkes\u00ebn e Haluc\u00ebs p\u00ebr p\u00ebrjashtimin e trup\u00ebs gjykuese si e pa mb\u00ebshtetur n\u00eb ligj.<\/p>\n<p>Hetimi p\u00ebr gjykat\u00ebsin Haluca do t\u00eb mbahet vet\u00ebm p\u00ebr kriterin e pasuris\u00eb.<\/p>\n<p>Nd\u00ebrkoh\u00eb, ILDKPI ka konstatuar se ka munges\u00eb dokumentacioni p\u00ebr pages\u00ebn e bashk\u00ebshortes dhe p\u00ebr shkollimin e vajz\u00ebs s\u00eb Haluc\u00ebs, si dhe p\u00ebr nj\u00eb papafingo nd\u00ebrtuar n\u00eb Sauk, Tiran\u00eb.<\/p>\n<p>Pas hetimit t\u00eb KPK, rezulton se ai ka deklaruar n\u00eb 2004 nj\u00eb apartament, si dhe n\u00eb 2015 p\u00ebr nj\u00eb objekt t\u00eb p\u00ebrbashk\u00ebt me v\u00ebllez\u00ebrit.<\/p>\n<p>Trupa gjyq\u00ebsore q\u00eb po kryen procesin e Vetingut p\u00ebr Haluc\u00ebn p\u00ebrb\u00ebhet nga Olsi Komici, Valbona Sanxhaktari dhe Roland Ilia.<\/p>\n<p>Sk\u00ebnder Haluci ka punuar si komisioner i Avokatit t\u00eb Popullit p\u00ebr gati nj\u00eb dekad\u00eb n\u00eb vitet 2000. Ai u em\u00ebrua gjyqtar n\u00eb Gjykat\u00ebn e Vlor\u00ebs n\u00eb vitin 2011 dhe n\u00eb vitin 2014, u promovua si kryetar i k\u00ebsaj gjykate.<\/p>","protected":false},"excerpt":{"rendered":"<p>Nis n\u00eb Komisioin e Pavarur t\u00eb Kualifikimit seanca d\u00ebgjimore p\u00ebr Skender Haluc\u00ebn kryetar i gjykat\u00ebs s\u00eb Vlor\u00ebs. Relatori Olsi Komici e ka rr\u00ebzuar k\u00ebrkes\u00ebn e Haluc\u00ebs p\u00ebr p\u00ebrjashtimin e trup\u00ebs gjykuese si e pa mb\u00ebshtetur n\u00eb ligj. Hetimi p\u00ebr gjykat\u00ebsin Haluca do t\u00eb mbahet vet\u00ebm p\u00ebr kriterin e pasuris\u00eb. Nd\u00ebrkoh\u00eb, ILDKPI ka konstatuar se ka [&hellip;]<\/p>\n","protected":false},"author":2013,"featured_media":123246,"comment_status":"open","ping_status":"closed","sticky":false,"template":"","format":"standard","meta":{"footnotes":""},"categories":[241,235],"tags":[],"class_list":{"0":"post-123245","1":"post","2":"type-post","3":"status-publish","4":"format-standard","5":"has-post-thumbnail","7":"category-aktualitet","8":"category-vendi"},"_links":{"self":[{"href":"https:\/\/zjarr.tv\/en\/wp-json\/wp\/v2\/posts\/123245","targetHints":{"allow":["GET"]}}],"collection":[{"href":"https:\/\/zjarr.tv\/en\/wp-json\/wp\/v2\/posts"}],"about":[{"href":"https:\/\/zjarr.tv\/en\/wp-json\/wp\/v2\/types\/post"}],"author":[{"embeddable":true,"href":"https:\/\/zjarr.tv\/en\/wp-json\/wp\/v2\/users\/2013"}],"replies":[{"embeddable":true,"href":"https:\/\/zjarr.tv\/en\/wp-json\/wp\/v2\/comments?post=123245"}],"version-history":[{"count":0,"href":"https:\/\/zjarr.tv\/en\/wp-json\/wp\/v2\/posts\/123245\/revisions"}],"wp:featuredmedia":[{"embeddable":true,"href":"https:\/\/zjarr.tv\/en\/wp-json\/wp\/v2\/media\/123246"}],"wp:attachment":[{"href":"https:\/\/zjarr.tv\/en\/wp-json\/wp\/v2\/media?parent=123245"}],"wp:term":[{"taxonomy":"category","embeddable":true,"href":"https:\/\/zjarr.tv\/en\/wp-json\/wp\/v2\/categories?post=123245"},{"taxonomy":"post_tag","embeddable":true,"href":"https:\/\/zjarr.tv\/en\/wp-json\/wp\/v2\/tags?post=123245"}],"curies":[{"name":"wp","href":"https:\/\/api.w.org\/{rel}","templated":true}]}}