{"id":123272,"date":"2020-03-03T14:29:33","date_gmt":"2020-03-03T13:29:33","guid":{"rendered":"https:\/\/zjarr.tv\/?p=123272"},"modified":"2020-03-03T14:29:33","modified_gmt":"2020-03-03T13:29:33","slug":"eljon-hato-dhe-ilir-selmani-dy-te-denuarit-qe-duhet-te-deklarojne-pasurine","status":"publish","type":"post","link":"https:\/\/zjarr.tv\/en\/eljon-hato-dhe-ilir-selmani-dy-te-denuarit-qe-duhet-te-deklarojne-pasurine\/","title":{"rendered":"Eljon Hato dhe Ilir Selmani dy t\u00eb d\u00ebnuarit q\u00eb duhet t\u00eb deklarojn\u00eb pasurin\u00eb"},"content":{"rendered":"<p>Eljon Hato dhe Ilir Selmani jan\u00eb dy persona t\u00eb tjer\u00eb t\u00eb d\u00ebnuar p\u00ebr vrasje duhet t\u00eb deklarojn\u00eb pasurin\u00eb.<\/p>\n<p>Policia thot\u00eb se n\u00eb k\u00ebt\u00eb kuad\u00ebr, OFL u ka d\u00ebrguar k\u00ebrkesat p\u00ebr vet\u00ebdeklarim t\u00eb pasuris\u00eb k\u00ebtyre dy personave.<\/p>\n<p><em>&#8220;E. H., banues n\u00eb Lezh\u00eb, i d\u00ebnuar p\u00ebr veprat penale &#8220;Vrasja me dashje&#8221;, &#8220;Plagosja e r\u00ebnd\u00eb me dashje&#8221; dhe &#8220;Arm\u00ebmbajtje pa leje&#8221; dhe I. S., banues n\u00eb Tiran\u00eb, i d\u00ebnuar p\u00ebr veprat penale \u201cVrasja me paramendim\u201d e kryer n\u00eb bashk\u00ebpunim dhe \u201cArm\u00ebmbajtja pa leje\u201d, n\u00eb kuad\u00ebr t\u00eb grupit t\u00eb strukturuar kriminal&#8221;,<\/em>\u00a0thuhet n\u00eb njoftimin e policis\u00eb.<\/p>\n<p>Brenda 48 or\u00ebsh, Hato dhe Selmani si subjekt i Ligjit Special, duhet t\u2019u p\u00ebrgjigjen me shkrim t\u00eb gjitha pyetjeve t\u00eb OFL-s\u00eb. \u00a0M\u00eb pas, p\u00ebrgjigjet e marra do t\u2019i d\u00ebrgohen SPAK-ut, p\u00ebr veprime t\u00eb m\u00ebtejshme.<\/p>","protected":false},"excerpt":{"rendered":"<p>Eljon Hato dhe Ilir Selmani jan\u00eb dy persona t\u00eb tjer\u00eb t\u00eb d\u00ebnuar p\u00ebr vrasje duhet t\u00eb deklarojn\u00eb pasurin\u00eb. Policia thot\u00eb se n\u00eb k\u00ebt\u00eb kuad\u00ebr, OFL u ka d\u00ebrguar k\u00ebrkesat p\u00ebr vet\u00ebdeklarim t\u00eb pasuris\u00eb k\u00ebtyre dy personave. &#8220;E. H., banues n\u00eb Lezh\u00eb, i d\u00ebnuar p\u00ebr veprat penale &#8220;Vrasja me dashje&#8221;, &#8220;Plagosja e r\u00ebnd\u00eb me dashje&#8221; dhe [&hellip;]<\/p>\n","protected":false},"author":2013,"featured_media":121248,"comment_status":"open","ping_status":"closed","sticky":false,"template":"","format":"standard","meta":{"footnotes":""},"categories":[241,235],"tags":[],"class_list":{"0":"post-123272","1":"post","2":"type-post","3":"status-publish","4":"format-standard","5":"has-post-thumbnail","7":"category-aktualitet","8":"category-vendi"},"_links":{"self":[{"href":"https:\/\/zjarr.tv\/en\/wp-json\/wp\/v2\/posts\/123272","targetHints":{"allow":["GET"]}}],"collection":[{"href":"https:\/\/zjarr.tv\/en\/wp-json\/wp\/v2\/posts"}],"about":[{"href":"https:\/\/zjarr.tv\/en\/wp-json\/wp\/v2\/types\/post"}],"author":[{"embeddable":true,"href":"https:\/\/zjarr.tv\/en\/wp-json\/wp\/v2\/users\/2013"}],"replies":[{"embeddable":true,"href":"https:\/\/zjarr.tv\/en\/wp-json\/wp\/v2\/comments?post=123272"}],"version-history":[{"count":0,"href":"https:\/\/zjarr.tv\/en\/wp-json\/wp\/v2\/posts\/123272\/revisions"}],"wp:featuredmedia":[{"embeddable":true,"href":"https:\/\/zjarr.tv\/en\/wp-json\/wp\/v2\/media\/121248"}],"wp:attachment":[{"href":"https:\/\/zjarr.tv\/en\/wp-json\/wp\/v2\/media?parent=123272"}],"wp:term":[{"taxonomy":"category","embeddable":true,"href":"https:\/\/zjarr.tv\/en\/wp-json\/wp\/v2\/categories?post=123272"},{"taxonomy":"post_tag","embeddable":true,"href":"https:\/\/zjarr.tv\/en\/wp-json\/wp\/v2\/tags?post=123272"}],"curies":[{"name":"wp","href":"https:\/\/api.w.org\/{rel}","templated":true}]}}