{"id":123284,"date":"2020-03-04T11:46:49","date_gmt":"2020-03-04T10:46:49","guid":{"rendered":"https:\/\/zjarr.tv\/?p=123284"},"modified":"2020-03-04T11:46:49","modified_gmt":"2020-03-04T10:46:49","slug":"fakti-qe-ne-shqiperi-nuk-ka-asnje-rast-me-covid-19-po-cudit-dhe-obsh","status":"publish","type":"post","link":"https:\/\/zjarr.tv\/en\/fakti-qe-ne-shqiperi-nuk-ka-asnje-rast-me-covid-19-po-cudit-dhe-obsh\/","title":{"rendered":"Fakti q\u00eb n\u00eb Shqip\u00ebri nuk ka asnj\u00eb rast me COVID-19 po \u00e7udit dhe OBSH"},"content":{"rendered":"<p>Fakti q\u00eb n\u00eb Shqip\u00ebri nuk ka ende asnj\u00eb t\u00eb infektuar me koronavirus po \u00e7udit edhe eksper\u00ebt e OBSh-s\u00eb t\u00eb cil\u00ebt po e marrin si rast studimi.<\/p>\n<p>Raul Gonzales, \u00a0Drejtori i Zyr\u00ebs s\u00eb OBSH-s\u00eb n\u00eb Shqip\u00ebri, n\u00eb mbledhjen e sotme n\u00eb Task Force tha se \u00ebsht\u00eb nj\u00eb rast q\u00eb po studiohet nd\u00ebrsa n\u00ebnvizoi r\u00ebnd\u00ebsin\u00eb p\u00ebr t\u00eb besuar institucionet.<\/p>\n<p><strong>Raul Gonzales:\u00a0<\/strong><em>Do v\u00eb theksin tek pyetja m\u00eb e zakont\u00eb pse nuk ka asnj\u00eb rast n\u00eb Shqip\u00ebri. Ajo q\u00eb do ju k\u00ebrkoja si p\u00ebrfaq\u00ebsues i OBSh, duhet t\u00eb keni besim tek institucionet dhe kapaciteti i ekspert\u00ebve t\u00eb cil\u00ebt nj\u00eb pjes\u00eb e mir\u00eb jan\u00eb t\u00eb \u00e7ertifikuar nd\u00ebrkomb\u00ebtarisht. \u00a0<\/em><\/p>\n<p><em>Sigurisht ka shum\u00eb p\u00ebr t\u00eb b\u00ebr\u00eb. Sapo jam kthyer nga Spanja dhe ne kemi raste t\u00eb personave t\u00eb infektuar me COVID, pse ndodh q\u00eb n\u00eb Shqip\u00ebri nuk ka. Ne jemi ende duke e m\u00ebsuar. Kjo \u00ebsht\u00eb di\u00e7ka e re p\u00ebr ne. Personat q\u00eb u zbuluan n\u00eb Spanj\u00eb nuk kishin pasur fare kontakt me vendet ku incidenca \u00ebsht\u00eb m\u00eb e shpesht\u00eb.\u201d\u00a0<\/em><\/p>\n<p>P\u00ebrfaq\u00ebsuesi I OBSH-s\u00eb vuri theksin dhe tek fake news.<\/p>\n<p><em>&#8220;Nuk duhet t\u00eb shp\u00ebrndajm\u00eb lajme fake sepse i b\u00ebjn\u00eb keq jo vet\u00ebm sh\u00ebndetit ton\u00eb por dhe ekonomis\u00eb.&#8221;\u00a0<\/em>u shpreh \u00a0Drejtori i Zyr\u00ebs s\u00eb OBSH-s\u00eb n\u00eb Shqip\u00ebri.<\/p>","protected":false},"excerpt":{"rendered":"<p>Fakti q\u00eb n\u00eb Shqip\u00ebri nuk ka ende asnj\u00eb t\u00eb infektuar me koronavirus po \u00e7udit edhe eksper\u00ebt e OBSh-s\u00eb t\u00eb cil\u00ebt po e marrin si rast studimi. Raul Gonzales, \u00a0Drejtori i Zyr\u00ebs s\u00eb OBSH-s\u00eb n\u00eb Shqip\u00ebri, n\u00eb mbledhjen e sotme n\u00eb Task Force tha se \u00ebsht\u00eb nj\u00eb rast q\u00eb po studiohet nd\u00ebrsa n\u00ebnvizoi r\u00ebnd\u00ebsin\u00eb p\u00ebr t\u00eb [&hellip;]<\/p>\n","protected":false},"author":2013,"featured_media":123285,"comment_status":"open","ping_status":"closed","sticky":false,"template":"","format":"standard","meta":{"footnotes":""},"categories":[241,235],"tags":[],"class_list":{"0":"post-123284","1":"post","2":"type-post","3":"status-publish","4":"format-standard","5":"has-post-thumbnail","7":"category-aktualitet","8":"category-vendi"},"_links":{"self":[{"href":"https:\/\/zjarr.tv\/en\/wp-json\/wp\/v2\/posts\/123284","targetHints":{"allow":["GET"]}}],"collection":[{"href":"https:\/\/zjarr.tv\/en\/wp-json\/wp\/v2\/posts"}],"about":[{"href":"https:\/\/zjarr.tv\/en\/wp-json\/wp\/v2\/types\/post"}],"author":[{"embeddable":true,"href":"https:\/\/zjarr.tv\/en\/wp-json\/wp\/v2\/users\/2013"}],"replies":[{"embeddable":true,"href":"https:\/\/zjarr.tv\/en\/wp-json\/wp\/v2\/comments?post=123284"}],"version-history":[{"count":0,"href":"https:\/\/zjarr.tv\/en\/wp-json\/wp\/v2\/posts\/123284\/revisions"}],"wp:featuredmedia":[{"embeddable":true,"href":"https:\/\/zjarr.tv\/en\/wp-json\/wp\/v2\/media\/123285"}],"wp:attachment":[{"href":"https:\/\/zjarr.tv\/en\/wp-json\/wp\/v2\/media?parent=123284"}],"wp:term":[{"taxonomy":"category","embeddable":true,"href":"https:\/\/zjarr.tv\/en\/wp-json\/wp\/v2\/categories?post=123284"},{"taxonomy":"post_tag","embeddable":true,"href":"https:\/\/zjarr.tv\/en\/wp-json\/wp\/v2\/tags?post=123284"}],"curies":[{"name":"wp","href":"https:\/\/api.w.org\/{rel}","templated":true}]}}