{"id":123297,"date":"2020-03-04T12:30:10","date_gmt":"2020-03-04T11:30:10","guid":{"rendered":"https:\/\/zjarr.tv\/?p=123297"},"modified":"2020-03-04T12:30:10","modified_gmt":"2020-03-04T11:30:10","slug":"prokuroria-e-posacme-i-komunikon-akuzen-adriatik-llalles","status":"publish","type":"post","link":"https:\/\/zjarr.tv\/en\/prokuroria-e-posacme-i-komunikon-akuzen-adriatik-llalles\/","title":{"rendered":"Prokuroria e Posa\u00e7me i komunikon akuz\u00ebn Adriatik Llall\u00ebs"},"content":{"rendered":"<p>Prokuroria e Posa\u00e7me i komunikon akuz\u00ebn, ish-prokurorit t\u00eb P\u00ebrgjithsh\u00ebm, Adriatik Llalla.<\/p>\n<p>Adriatik Llalla akuzohet p\u00ebr mosdeklarim t\u00eb t\u00eb hollave n\u00eb lidhje me nj\u00eb shum\u00eb n\u00eb Gjermani, para t\u00eb cilat i ka p\u00ebrdorur p\u00ebr shkollimin e vajz\u00ebs s\u00eb tij. Llalla ka b\u00ebr\u00eb me dije se shum\u00ebn e kishte marr\u00eb borxh nga n\u00eb mik.<\/p>\n<p>&#8220;Dosja nuk ka shkuar akoma n\u00eb gjykat\u00eb. N\u00ebse v\u00ebrtetohet akuza p\u00ebr k\u00ebt\u00eb vep\u00ebr penale, p\u00ebr Llall\u00ebn do t\u00eb ket\u00eb nga gjob\u00eb deri n\u00eb 2 vite burg&#8221;.<\/p>\n<p>Llalla po hetohet nga SPAK p\u00ebr shkak t\u00eb detyr\u00ebs s\u00eb lart\u00eb q\u00eb ka mbajtur.<\/p>\n<p>Ish-kryeprokurori i shp\u00ebtoi procesit t\u00eb Vetingut, pasi paraqiti dor\u00ebheqjen nga sistemi para Komisionit t\u00eb Pavarur t\u00eb Kualifikimit.<\/p>\n<p>Nd\u00ebrkoh\u00eb, Departamenti i Shtetit amerikan e shpalli \u201cnon-grata\u201d dhe ndaloi publikisht hyrjen e Adriatik Llall\u00ebs dhe familjes s\u00eb tij n\u00eb Shtetet e Bashkuara.<\/p>","protected":false},"excerpt":{"rendered":"<p>Prokuroria e Posa\u00e7me i komunikon akuz\u00ebn, ish-prokurorit t\u00eb P\u00ebrgjithsh\u00ebm, Adriatik Llalla. Adriatik Llalla akuzohet p\u00ebr mosdeklarim t\u00eb t\u00eb hollave n\u00eb lidhje me nj\u00eb shum\u00eb n\u00eb Gjermani, para t\u00eb cilat i ka p\u00ebrdorur p\u00ebr shkollimin e vajz\u00ebs s\u00eb tij. Llalla ka b\u00ebr\u00eb me dije se shum\u00ebn e kishte marr\u00eb borxh nga n\u00eb mik. &#8220;Dosja nuk ka [&hellip;]<\/p>\n","protected":false},"author":2013,"featured_media":123298,"comment_status":"open","ping_status":"closed","sticky":false,"template":"","format":"standard","meta":{"footnotes":""},"categories":[241,235],"tags":[],"class_list":{"0":"post-123297","1":"post","2":"type-post","3":"status-publish","4":"format-standard","5":"has-post-thumbnail","7":"category-aktualitet","8":"category-vendi"},"_links":{"self":[{"href":"https:\/\/zjarr.tv\/en\/wp-json\/wp\/v2\/posts\/123297","targetHints":{"allow":["GET"]}}],"collection":[{"href":"https:\/\/zjarr.tv\/en\/wp-json\/wp\/v2\/posts"}],"about":[{"href":"https:\/\/zjarr.tv\/en\/wp-json\/wp\/v2\/types\/post"}],"author":[{"embeddable":true,"href":"https:\/\/zjarr.tv\/en\/wp-json\/wp\/v2\/users\/2013"}],"replies":[{"embeddable":true,"href":"https:\/\/zjarr.tv\/en\/wp-json\/wp\/v2\/comments?post=123297"}],"version-history":[{"count":0,"href":"https:\/\/zjarr.tv\/en\/wp-json\/wp\/v2\/posts\/123297\/revisions"}],"wp:featuredmedia":[{"embeddable":true,"href":"https:\/\/zjarr.tv\/en\/wp-json\/wp\/v2\/media\/123298"}],"wp:attachment":[{"href":"https:\/\/zjarr.tv\/en\/wp-json\/wp\/v2\/media?parent=123297"}],"wp:term":[{"taxonomy":"category","embeddable":true,"href":"https:\/\/zjarr.tv\/en\/wp-json\/wp\/v2\/categories?post=123297"},{"taxonomy":"post_tag","embeddable":true,"href":"https:\/\/zjarr.tv\/en\/wp-json\/wp\/v2\/tags?post=123297"}],"curies":[{"name":"wp","href":"https:\/\/api.w.org\/{rel}","templated":true}]}}