{"id":123302,"date":"2020-03-04T13:49:16","date_gmt":"2020-03-04T12:49:16","guid":{"rendered":"https:\/\/zjarr.tv\/?p=123302"},"modified":"2020-03-04T13:49:16","modified_gmt":"2020-03-04T12:49:16","slug":"3-personat-qe-duhet-te-deklarojne-pasurine","status":"publish","type":"post","link":"https:\/\/zjarr.tv\/en\/3-personat-qe-duhet-te-deklarojne-pasurine\/","title":{"rendered":"3 personat q\u00eb duhet t\u00eb deklarojn\u00eb pasurin\u00eb"},"content":{"rendered":"<p>Tre persona t\u00eb d\u00ebnuar p\u00ebr aktivitete t\u00eb r\u00ebnda kriminale do t\u00eb duhet t\u00eb deklarojn\u00eb pasurin\u00eb.<\/p>\n<p>Burmet b\u00ebjn\u00eb t\u00eb ditur se OFL i ka d\u00ebrguar formularin e vet\u00ebdeklarimit shtetasin Jani Alia, banues n\u00eb Tepelen\u00eb, p\u00ebr t\u00eb cilin Gjykata e Rrethit Gjyq\u00ebsor P\u00ebrmet ka vendosur mas\u00ebn e siguris\u00eb &#8220;Arrest n\u00eb burg&#8221;, p\u00ebr veprat penale &#8221;Prodhimi dhe shitja e narkotik\u00ebve\u201d, &#8221;Vrasja me dashje n\u00eb lidhje me nj\u00eb krim tjet\u00ebr, mbetur n\u00eb tentativ\u00eb\u201d n\u00eb bashk\u00ebpunim dhe \u201cArm\u00ebmbajtja pa leje\u201d. Gjithashtu, ky shtetas \u00ebsht\u00eb d\u00ebnuar nga Gjykata e Rrethit Tiran\u00eb, me burgim t\u00eb p\u00ebrjetsh\u00ebm p\u00ebr vepr\u00ebn penale &#8220;Vrasja me paramendim&#8221; dhe me 4 vite p\u00ebr vepr\u00ebn &#8220;Arm\u00ebmbajtja pa leje&#8221;. N\u00eb bashkim t\u00eb d\u00ebnimeve Gjykata e ka d\u00ebnuar me burgim t\u00eb p\u00ebrjetsh\u00ebm, p\u00ebr veprat penale t\u00eb m\u00ebsip\u00ebrme.<\/p>\n<p>Katan Bahoja banues n\u00eb Gjirokast\u00ebr, i cili \u00ebsht\u00eb arrestuar nga autoritetet greke, p\u00ebr vepr\u00ebn penale \u201cTrafikimi i l\u00ebnd\u00ebve narkotike\u201d.<\/p>\n<p>Florenc Tresa banues n\u00eb Tiran\u00eb, p\u00ebr t\u00eb cilin Gjykata e Rrethit Tiran\u00eb ka caktuar mas\u00ebn e siguris\u00eb &#8220;Arrest me burg&#8221;, p\u00ebr vepr\u00ebn penale &#8220;Trafikimi i narkotik\u00ebve&#8221; n\u00eb bashk\u00ebpunim.<\/p>\n<p><em>&#8220;K\u00ebta individ\u00eb, si subjekt i Ligjit Special, duhet t\u2019u p\u00ebrgjigjen me shkrim, brenda 48 or\u00ebsh, t\u00eb gjitha pyetjeve t\u00eb OFL-s\u00eb, t\u00eb cilat do t\u2019i d\u00ebrgohen SPAK-ut, p\u00ebr veprime t\u00eb m\u00ebtejshme&#8221;,<\/em>\u00a0thot\u00eb policia n\u00eb njoftimin zyrtar.<\/p>","protected":false},"excerpt":{"rendered":"<p>Tre persona t\u00eb d\u00ebnuar p\u00ebr aktivitete t\u00eb r\u00ebnda kriminale do t\u00eb duhet t\u00eb deklarojn\u00eb pasurin\u00eb. Burmet b\u00ebjn\u00eb t\u00eb ditur se OFL i ka d\u00ebrguar formularin e vet\u00ebdeklarimit shtetasin Jani Alia, banues n\u00eb Tepelen\u00eb, p\u00ebr t\u00eb cilin Gjykata e Rrethit Gjyq\u00ebsor P\u00ebrmet ka vendosur mas\u00ebn e siguris\u00eb &#8220;Arrest n\u00eb burg&#8221;, p\u00ebr veprat penale &#8221;Prodhimi dhe shitja [&hellip;]<\/p>\n","protected":false},"author":2013,"featured_media":121248,"comment_status":"open","ping_status":"closed","sticky":false,"template":"","format":"standard","meta":{"footnotes":""},"categories":[241,235],"tags":[],"class_list":{"0":"post-123302","1":"post","2":"type-post","3":"status-publish","4":"format-standard","5":"has-post-thumbnail","7":"category-aktualitet","8":"category-vendi"},"_links":{"self":[{"href":"https:\/\/zjarr.tv\/en\/wp-json\/wp\/v2\/posts\/123302","targetHints":{"allow":["GET"]}}],"collection":[{"href":"https:\/\/zjarr.tv\/en\/wp-json\/wp\/v2\/posts"}],"about":[{"href":"https:\/\/zjarr.tv\/en\/wp-json\/wp\/v2\/types\/post"}],"author":[{"embeddable":true,"href":"https:\/\/zjarr.tv\/en\/wp-json\/wp\/v2\/users\/2013"}],"replies":[{"embeddable":true,"href":"https:\/\/zjarr.tv\/en\/wp-json\/wp\/v2\/comments?post=123302"}],"version-history":[{"count":0,"href":"https:\/\/zjarr.tv\/en\/wp-json\/wp\/v2\/posts\/123302\/revisions"}],"wp:featuredmedia":[{"embeddable":true,"href":"https:\/\/zjarr.tv\/en\/wp-json\/wp\/v2\/media\/121248"}],"wp:attachment":[{"href":"https:\/\/zjarr.tv\/en\/wp-json\/wp\/v2\/media?parent=123302"}],"wp:term":[{"taxonomy":"category","embeddable":true,"href":"https:\/\/zjarr.tv\/en\/wp-json\/wp\/v2\/categories?post=123302"},{"taxonomy":"post_tag","embeddable":true,"href":"https:\/\/zjarr.tv\/en\/wp-json\/wp\/v2\/tags?post=123302"}],"curies":[{"name":"wp","href":"https:\/\/api.w.org\/{rel}","templated":true}]}}