{"id":123304,"date":"2020-03-04T13:51:07","date_gmt":"2020-03-04T12:51:07","guid":{"rendered":"https:\/\/zjarr.tv\/?p=123304"},"modified":"2020-03-04T13:51:07","modified_gmt":"2020-03-04T12:51:07","slug":"fondet-per-rindertim-rama-be-te-mos-vonoje-me-procedurat-te-shtoje-monitorimin","status":"publish","type":"post","link":"https:\/\/zjarr.tv\/en\/fondet-per-rindertim-rama-be-te-mos-vonoje-me-procedurat-te-shtoje-monitorimin\/","title":{"rendered":"Fondet p\u00ebr rind\u00ebrtim, Rama: BE t\u00eb mos vonoj\u00eb me procedurat, t\u00eb shtoj\u00eb monitorimin"},"content":{"rendered":"<p>Kryeministri Edi Rama k\u00ebrkon nga Bashkimi Evropian q\u00eb mos t\u00eb vonoj\u00eb me procedurat p\u00ebr dh\u00ebnien e fondeve t\u00eb p\u00ebrcaktuar nga Konferenca e Donator\u00ebve p\u00ebr rind\u00ebrtimin pas t\u00ebrmetit t\u00eb 26 n\u00ebntorit.<\/p>\n<p>Sipas kryeministrin prioritet do t\u00eb ken\u00eb familjet n\u00eb fshat q\u00eb kan\u00eb humbur banesat individuale dhe shkollat, m\u00eb pas do t\u00eb p\u00ebrq\u00ebndrohen n\u00eb zonat urbane.<\/p>\n<p><strong>Edi Rama:<\/strong>\u00a0<em>D\u00ebshtimi \u00ebsht\u00eb di\u00e7ka q\u00eb nuk duhet t\u00eb b\u00ebj\u00eb pjes\u00eb n\u00eb fjalorin e rind\u00ebrtimit, suksesi duhet t\u00eb jet\u00eb kryefjala. Jam i sigurt q\u00eb do t\u00eb b\u00ebjm\u00eb realitet duke presupozuar q\u00eb BE t\u00eb jet\u00eb m\u00eb i shpejt\u00eb \u00a0se zakonisht n\u00eb kuptimin e nevoj\u00ebs p\u00ebr t\u00eb dh\u00ebn\u00eb rezultate m\u00eb shpejt, sepse \u00ebsht\u00eb nj\u00eb program ku koha \u00ebsht\u00eb thelb\u00ebsore. Njer\u00ebzit nuk mund t\u00eb presin gjat\u00eb. Procedurat natyrisht duhet t\u00eb respektohen, por ndonj\u00ebher\u00eb jan\u00eb kaq t\u00eb gjata q\u00eb natyrisht mund t\u00eb p\u00ebrballohen kur b\u00ebhet fjal\u00eb p\u00ebr projekte t\u00eb tjera, por jo kur b\u00ebhet fjal\u00eb p\u00ebr sht\u00ebpit\u00eb dhe shkollat. Pra synimi \u00ebsht\u00eb q\u00eb ti kthejm\u00eb n\u00ebn \u00e7ati ato persona q\u00eb kan\u00eb humbur sht\u00ebpit\u00eb individuale dhe q\u00eb t\u00eb festojn\u00eb vitin e ri n\u00eb sht\u00ebpit\u00eb e tyre. Duam q\u00eb f\u00ebmij\u00ebt t\u00eb shkojn\u00eb n\u00eb shkoll\u00eb n\u00eb fillim t\u00eb vitit shkollor. E di q\u00eb \u00ebsht\u00eb ambicioze do t\u00eb b\u00ebjm\u00eb gjith\u00e7ka q\u00eb ta b\u00ebjm\u00eb realitet, por jo m\u00eb von\u00eb sesa ky vit. Po k\u00ebshtu t\u00eb fillojm\u00eb hap pas hapi me ato zona m\u00eb t\u00eb nd\u00ebrlikuara me nd\u00ebrtesa banimi me shum\u00eb apartamente n\u00eb komunitete urbane.<\/em><\/p>\n<p>Rama garantoi vendet q\u00eb kan\u00eb dh\u00ebn\u00eb kontribut n\u00eb procesin e rind\u00ebrtimit, q\u00eb jo vet\u00ebm fondet e tyre do t\u00eb shpenzohen n\u00eb m\u00ebnyr\u00ebn e duhur, por edhe ato t\u00eb tatimpaguesve shqiptar\u00eb. \u00a0P\u00ebr k\u00ebt\u00eb ai k\u00ebrkoi m\u00eb shum\u00eb monitorim nga Bashkimi Evropian.<\/p>\n<p><strong>Edi Rama:<\/strong><em>\u00a0Nuk dua q\u00eb ju thjesht t\u00eb siguroheni q\u00eb parat\u00eb e tatimpaguesve tuaj apo e kontruibuesve tuaj t\u00eb shpenzohen n\u00eb m\u00ebnyr\u00ebn e duhur, por dua po k\u00ebshtu p\u00ebrmes k\u00ebtij komitetit t\u00eb garantoj q\u00eb edhe parat\u00eb e tatimpaguesve shqiptar\u00eb t\u00eb shpenzohen n\u00eb m\u00ebnyr\u00ebn e duhur.\u00a0<\/em><em>P\u00ebr k\u00ebt\u00eb arsye do t\u00eb p\u00ebrg\u00ebzoj\u00eb qeverin\u00eb e SHBA q\u00eb ka pranuar \u00a0t\u00eb marr\u00eb parasysh propozimin q\u00eb un\u00eb kam b\u00ebr\u00eb p\u00ebr t\u00eb ngritur akademin\u00eb e transparenc\u00ebs. Do t\u00eb doja t\u00eb shihja edhe BE t\u00eb b\u00ebnte t\u00eb nj\u00ebjt\u00ebn gj\u00eb p\u00ebr t\u00eb shtuar ekspertiz\u00eb, p\u00ebr t\u00eb shtuar sy e monitorim procesit t\u00eb ekzekutimit t\u00eb shpenzimeve, qysh nga procesi i tenderimit deri tek procesi i mbik\u00ebqyrjes dhe marrjes s\u00eb produktit.<\/em><\/p>","protected":false},"excerpt":{"rendered":"<p>Kryeministri Edi Rama k\u00ebrkon nga Bashkimi Evropian q\u00eb mos t\u00eb vonoj\u00eb me procedurat p\u00ebr dh\u00ebnien e fondeve t\u00eb p\u00ebrcaktuar nga Konferenca e Donator\u00ebve p\u00ebr rind\u00ebrtimin pas t\u00ebrmetit t\u00eb 26 n\u00ebntorit. Sipas kryeministrin prioritet do t\u00eb ken\u00eb familjet n\u00eb fshat q\u00eb kan\u00eb humbur banesat individuale dhe shkollat, m\u00eb pas do t\u00eb p\u00ebrq\u00ebndrohen n\u00eb zonat urbane. Edi [&hellip;]<\/p>\n","protected":false},"author":2013,"featured_media":123305,"comment_status":"open","ping_status":"closed","sticky":false,"template":"","format":"standard","meta":{"footnotes":""},"categories":[241,235],"tags":[],"class_list":{"0":"post-123304","1":"post","2":"type-post","3":"status-publish","4":"format-standard","5":"has-post-thumbnail","7":"category-aktualitet","8":"category-vendi"},"_links":{"self":[{"href":"https:\/\/zjarr.tv\/en\/wp-json\/wp\/v2\/posts\/123304","targetHints":{"allow":["GET"]}}],"collection":[{"href":"https:\/\/zjarr.tv\/en\/wp-json\/wp\/v2\/posts"}],"about":[{"href":"https:\/\/zjarr.tv\/en\/wp-json\/wp\/v2\/types\/post"}],"author":[{"embeddable":true,"href":"https:\/\/zjarr.tv\/en\/wp-json\/wp\/v2\/users\/2013"}],"replies":[{"embeddable":true,"href":"https:\/\/zjarr.tv\/en\/wp-json\/wp\/v2\/comments?post=123304"}],"version-history":[{"count":0,"href":"https:\/\/zjarr.tv\/en\/wp-json\/wp\/v2\/posts\/123304\/revisions"}],"wp:featuredmedia":[{"embeddable":true,"href":"https:\/\/zjarr.tv\/en\/wp-json\/wp\/v2\/media\/123305"}],"wp:attachment":[{"href":"https:\/\/zjarr.tv\/en\/wp-json\/wp\/v2\/media?parent=123304"}],"wp:term":[{"taxonomy":"category","embeddable":true,"href":"https:\/\/zjarr.tv\/en\/wp-json\/wp\/v2\/categories?post=123304"},{"taxonomy":"post_tag","embeddable":true,"href":"https:\/\/zjarr.tv\/en\/wp-json\/wp\/v2\/tags?post=123304"}],"curies":[{"name":"wp","href":"https:\/\/api.w.org\/{rel}","templated":true}]}}