{"id":123309,"date":"2020-03-04T13:54:27","date_gmt":"2020-03-04T12:54:27","guid":{"rendered":"https:\/\/zjarr.tv\/?p=123309"},"modified":"2020-03-04T13:54:27","modified_gmt":"2020-03-04T12:54:27","slug":"gjata-pd-mbeshtet-kthimin-e-ligjit-nga-presidenti-rames-do-te-kape-te-gjitha-organet-e-drejtesise","status":"publish","type":"post","link":"https:\/\/zjarr.tv\/en\/gjata-pd-mbeshtet-kthimin-e-ligjit-nga-presidenti-rames-do-te-kape-te-gjitha-organet-e-drejtesise\/","title":{"rendered":"Gjata: PD mb\u00ebshtet kthimin e ligjit nga presidenti, Ram\u00ebs do t\u00eb kap\u00eb t\u00eb gjitha organet e drejt\u00ebsis\u00eb"},"content":{"rendered":"<p>N\u00eb nj\u00eb dalje p\u00ebr mediat, sekretari p\u00ebr \u00e7\u00ebshtjet Ligjore n\u00eb PD u shpreh se Rama po mundohet t\u00eb kap\u00eb Gjykat\u00ebn Kushtetuese.<\/p>\n<p>Ai tha se kthimi nga Presidenti i ligjit antikushtetues p\u00ebr betimin e an\u00ebtar\u00ebve t\u00eb Gjykat\u00ebs Kushtetuese \u00ebsht\u00eb akti i duhur n\u00eb mbrojtje t\u00eb Kushtetut\u00ebs dhe interesit publik nga interesat private korruptive t\u00eb kryeministrit t\u00eb vendit.<\/p>\n<p><strong>\u00c7lirim Gjata<\/strong>:\u00a0<em>Uzurpimi i Gjykat\u00ebs Kushtetuese \u00ebsht\u00eb nj\u00eb nga q\u00ebllimet e hershme t\u00eb Edi Ram\u00ebs p\u00ebr t\u00eb kapur t\u00eb gjitha organet e drejt\u00ebsis\u00eb. I till\u00eb \u00ebsht\u00eb ligji antikushtetues q\u00eb ndryshon procedur\u00ebn e betimit t\u00eb an\u00ebtar\u00ebve t\u00eb Gjykat\u00ebs Kushtetuese, t\u00eb cil\u00ebt, n\u00eb kund\u00ebrshtim me Kushtetut\u00ebn, detyrohen t\u00eb b\u00ebjn\u00eb betimin me postier, p\u00ebrmes nj\u00eb deklarate me shkrim. Ky ligj q\u00eb privatizon Gjykat\u00ebn Kushtetuese nga Edi Rama, \u00ebsht\u00eb kthyer nga Presidenti i Republik\u00ebs, i cili, ka b\u00ebr\u00eb aktin e duhur n\u00eb mbrojtje t\u00eb Kushtetut\u00ebs s\u00eb vendit.\u00a0<\/em><\/p>\n<p><em>Partia Demokratike mb\u00ebshtet kthimin e k\u00ebtij ligji, q\u00eb i jep Edi Ram\u00ebs kontrollin total t\u00eb shtetit dhe sh\u00ebnon r\u00ebnien e demokracis\u00eb dhe shtetit ligjor. Duke i rr\u00ebmbyer kompetencat Presidentit, kryeministri i zgjedhjeve t\u00eb vjedhura me krimin k\u00ebrkon t\u00eb ket\u00eb kontroll mbi Gjykat\u00ebn Kushtetuese, sepse ajo do t\u00eb shqyrtoj\u00eb votimet moniste t\u00eb 30 qershorit dhe aktet e tjera antikushtetuese q\u00eb cenojn\u00eb r\u00ebnd\u00eb lirin\u00eb e shprehjes, q\u00eb p\u00ebrligjin vendimet e Edi Ram\u00ebs p\u00ebt t\u2019u vjedhur pronat pronar\u00ebve t\u00eb ligjsh\u00ebm, ia heqin hetimin prokuroris\u00eb dhe ia japin narkopolicis\u00eb politike dhe b\u00ebjn\u00eb Edi Ram\u00ebn pronarin de facto t\u00eb Shqip\u00ebris\u00eb.<\/em><\/p>\n<p><em>Akti i Presidentit \u00ebsht\u00eb guri i fundit institucional n\u00eb mbrojtje t\u00eb parimit kushtetues t\u00eb kontrollit dhe balancimit t\u00eb pushteteve n\u00eb Shqip\u00ebri.<\/em><\/p>","protected":false},"excerpt":{"rendered":"<p>N\u00eb nj\u00eb dalje p\u00ebr mediat, sekretari p\u00ebr \u00e7\u00ebshtjet Ligjore n\u00eb PD u shpreh se Rama po mundohet t\u00eb kap\u00eb Gjykat\u00ebn Kushtetuese. Ai tha se kthimi nga Presidenti i ligjit antikushtetues p\u00ebr betimin e an\u00ebtar\u00ebve t\u00eb Gjykat\u00ebs Kushtetuese \u00ebsht\u00eb akti i duhur n\u00eb mbrojtje t\u00eb Kushtetut\u00ebs dhe interesit publik nga interesat private korruptive t\u00eb kryeministrit t\u00eb [&hellip;]<\/p>\n","protected":false},"author":2013,"featured_media":100284,"comment_status":"open","ping_status":"closed","sticky":false,"template":"","format":"standard","meta":{"footnotes":""},"categories":[241,235],"tags":[],"class_list":{"0":"post-123309","1":"post","2":"type-post","3":"status-publish","4":"format-standard","5":"has-post-thumbnail","7":"category-aktualitet","8":"category-vendi"},"_links":{"self":[{"href":"https:\/\/zjarr.tv\/en\/wp-json\/wp\/v2\/posts\/123309","targetHints":{"allow":["GET"]}}],"collection":[{"href":"https:\/\/zjarr.tv\/en\/wp-json\/wp\/v2\/posts"}],"about":[{"href":"https:\/\/zjarr.tv\/en\/wp-json\/wp\/v2\/types\/post"}],"author":[{"embeddable":true,"href":"https:\/\/zjarr.tv\/en\/wp-json\/wp\/v2\/users\/2013"}],"replies":[{"embeddable":true,"href":"https:\/\/zjarr.tv\/en\/wp-json\/wp\/v2\/comments?post=123309"}],"version-history":[{"count":0,"href":"https:\/\/zjarr.tv\/en\/wp-json\/wp\/v2\/posts\/123309\/revisions"}],"wp:featuredmedia":[{"embeddable":true,"href":"https:\/\/zjarr.tv\/en\/wp-json\/wp\/v2\/media\/100284"}],"wp:attachment":[{"href":"https:\/\/zjarr.tv\/en\/wp-json\/wp\/v2\/media?parent=123309"}],"wp:term":[{"taxonomy":"category","embeddable":true,"href":"https:\/\/zjarr.tv\/en\/wp-json\/wp\/v2\/categories?post=123309"},{"taxonomy":"post_tag","embeddable":true,"href":"https:\/\/zjarr.tv\/en\/wp-json\/wp\/v2\/tags?post=123309"}],"curies":[{"name":"wp","href":"https:\/\/api.w.org\/{rel}","templated":true}]}}