{"id":123318,"date":"2020-03-05T12:33:34","date_gmt":"2020-03-05T11:33:34","guid":{"rendered":"https:\/\/zjarr.tv\/?p=123318"},"modified":"2020-03-05T12:33:34","modified_gmt":"2020-03-05T11:33:34","slug":"kriza-e-emigranteve-meta-e-radev-duhet-dialog-dhe-plan-operativ","status":"publish","type":"post","link":"https:\/\/zjarr.tv\/en\/kriza-e-emigranteve-meta-e-radev-duhet-dialog-dhe-plan-operativ\/","title":{"rendered":"Kriza e emigrant\u00ebve, Meta e Radev: Duhet dialog dhe plan operativ"},"content":{"rendered":"<p>Dy president\u00ebt, Ilir Meta i Shqip\u00ebris\u00eb dhe Rumen Radev i Bullgaris\u00eb kan\u00eb folur p\u00ebr situat\u00ebn e emigrant\u00ebve n\u00eb Turqi dhe Greqi.<\/p>\n<p>Meta dhe se duhet promovuar nj\u00eb dialog p\u00ebr t\u00eb evituar cdo incident, nd\u00ebrsa Radev u shpreh se duhet nj\u00eb plan operativ p\u00ebr mbrojtjen e kufijve.<\/p>\n<p><strong>Ilir Meta:<\/strong>\u00a0<em>Ne bashk\u00ebpunojm\u00eb ngushte me FRONTEX dhe ne \u00e7do rast jemi t\u00eb interesuar p\u00ebr t\u00eb promovuar dialogun dhe bashkimin e forcave p\u00ebr t\u00eb evituar \u00e7do incident apo rrezikimin e jet\u00ebs s\u00eb emigrant\u00ebve n\u00eb \u00a0m\u00ebnyr\u00eb q\u00eb kjo \u00e7\u00ebshtje t\u00eb p\u00ebrparoj\u00eb.<\/em><\/p>\n<p><strong>Rumen Radev:<\/strong>\u00a0P<em>ropozoj q\u00eb t\u00eb p\u00ebrgatitet nj\u00eb plan operativ p\u00ebr mbrojtjen e kufijve t\u00eb BE dhe krijimin e kapaciteteve n\u00eb BE q\u00eb t\u00eb ken\u00eb mund\u00ebsin\u00eb t\u00eb parandaloj\u00eb kriz\u00ebn humanitare. Nuk ka zgjidhje unike evropiane p\u00ebr \u00e7\u00ebshtjen e emigrant\u00ebve, nuk ka plan operativ. Un\u00eb shpresoj q\u00eb do ti kushtohet v\u00ebmendje m\u00eb t\u00eb madhe dhe BE do t\u00eb p\u00ebrpunoj\u00eb nj\u00eb plan operativ n\u00eb k\u00ebt\u00eb drejtim.\u00a0<\/em><\/p>","protected":false},"excerpt":{"rendered":"<p>Dy president\u00ebt, Ilir Meta i Shqip\u00ebris\u00eb dhe Rumen Radev i Bullgaris\u00eb kan\u00eb folur p\u00ebr situat\u00ebn e emigrant\u00ebve n\u00eb Turqi dhe Greqi. Meta dhe se duhet promovuar nj\u00eb dialog p\u00ebr t\u00eb evituar cdo incident, nd\u00ebrsa Radev u shpreh se duhet nj\u00eb plan operativ p\u00ebr mbrojtjen e kufijve. Ilir Meta:\u00a0Ne bashk\u00ebpunojm\u00eb ngushte me FRONTEX dhe ne \u00e7do [&hellip;]<\/p>\n","protected":false},"author":2013,"featured_media":123319,"comment_status":"open","ping_status":"closed","sticky":false,"template":"","format":"standard","meta":{"footnotes":""},"categories":[241,235],"tags":[],"class_list":{"0":"post-123318","1":"post","2":"type-post","3":"status-publish","4":"format-standard","5":"has-post-thumbnail","7":"category-aktualitet","8":"category-vendi"},"_links":{"self":[{"href":"https:\/\/zjarr.tv\/en\/wp-json\/wp\/v2\/posts\/123318","targetHints":{"allow":["GET"]}}],"collection":[{"href":"https:\/\/zjarr.tv\/en\/wp-json\/wp\/v2\/posts"}],"about":[{"href":"https:\/\/zjarr.tv\/en\/wp-json\/wp\/v2\/types\/post"}],"author":[{"embeddable":true,"href":"https:\/\/zjarr.tv\/en\/wp-json\/wp\/v2\/users\/2013"}],"replies":[{"embeddable":true,"href":"https:\/\/zjarr.tv\/en\/wp-json\/wp\/v2\/comments?post=123318"}],"version-history":[{"count":0,"href":"https:\/\/zjarr.tv\/en\/wp-json\/wp\/v2\/posts\/123318\/revisions"}],"wp:featuredmedia":[{"embeddable":true,"href":"https:\/\/zjarr.tv\/en\/wp-json\/wp\/v2\/media\/123319"}],"wp:attachment":[{"href":"https:\/\/zjarr.tv\/en\/wp-json\/wp\/v2\/media?parent=123318"}],"wp:term":[{"taxonomy":"category","embeddable":true,"href":"https:\/\/zjarr.tv\/en\/wp-json\/wp\/v2\/categories?post=123318"},{"taxonomy":"post_tag","embeddable":true,"href":"https:\/\/zjarr.tv\/en\/wp-json\/wp\/v2\/tags?post=123318"}],"curies":[{"name":"wp","href":"https:\/\/api.w.org\/{rel}","templated":true}]}}