{"id":123321,"date":"2020-03-05T12:34:46","date_gmt":"2020-03-05T11:34:46","guid":{"rendered":"https:\/\/zjarr.tv\/?p=123321"},"modified":"2020-03-05T12:39:29","modified_gmt":"2020-03-05T11:39:29","slug":"bardhi-balla-nuk-mund-ta-kuptoje-sakrifice-tone-per-mbrojtjen-e-kushtetutes-eshte-shtojce-e-krimit","status":"publish","type":"post","link":"https:\/\/zjarr.tv\/en\/bardhi-balla-nuk-mund-ta-kuptoje-sakrifice-tone-per-mbrojtjen-e-kushtetutes-eshte-shtojce-e-krimit\/","title":{"rendered":"Bardhi: Balla nuk mund ta kuptoj\u00eb sakrific\u00eb ton\u00eb p\u00ebr mbrojtjen e Kushtetut\u00ebs, \u00ebsht\u00eb shtojc\u00eb e krimit"},"content":{"rendered":"<p>Sekretari i p\u00ebrgjithshmen i PD-s\u00eb, Gazment Bardhi, reagon pas deklaratave t\u00eb Taulant Ball\u00ebs ndaj presidentit Meta.<\/p>\n<p>P\u00ebrmes nj\u00eb postimi n\u00eb Facebook, Bardhi shkruan se Balla \u00ebsht\u00eb m\u00ebsuar q\u00eb t\u00eb jet\u00eb shtojc\u00eb e krimit, p\u00ebrmes t\u00eb cilit ka v\u00ebn\u00eb pasuri t\u00eb paligjshme.<\/p>\n<p>Bardhi shkruan, se \u00ebsht\u00eb detyr\u00eb mbrojtja e t\u00eb drejtave themelore dhe mbrojtja e Kushtetut\u00ebs.<\/p>\n<p><strong>Bardhi:<\/strong><em>\u00a0Taulant Balla \u00ebsht\u00eb m\u00ebsuar t\u00eb jet\u00eb shtojc\u00eb e krimit, p\u00ebrmes t\u00eb cilit ka v\u00ebn\u00eb pasuri t\u00eb paligjshme. Ai as nuk mund ta kuptoj\u00eb, as nuk mund ta pranoj\u00eb q\u00eb ne, qytetar\u00ebt e lir\u00eb t\u00eb k\u00ebtij vendi, t\u00eb b\u00ebjm\u00eb \u00e7do sakrific\u00eb p\u00ebr mbrojtjen e Kushtetut\u00ebs. Skllavi i krimit, q\u00eb nisi karrier\u00ebn politike i sponsorizuar nga trafikant\u00eb droge dhe e vazhdon si i till\u00eb, \u00ebsht\u00eb i d\u00ebshtuar n\u00eb diversionin e tij banal. \u00cbsht\u00eb detyra jon\u00eb q\u00eb, si evropian\u00eb t\u00eb v\u00ebrtet\u00eb, t\u00eb mos heqim dor\u00eb nga mbrojtja e t\u00eb drejtave themelore dhe nga mbrojtja e Kushtetut\u00ebs.<\/em><\/p>","protected":false},"excerpt":{"rendered":"<p>Sekretari i p\u00ebrgjithshmen i PD-s\u00eb, Gazment Bardhi, reagon pas deklaratave t\u00eb Taulant Ball\u00ebs ndaj presidentit Meta. P\u00ebrmes nj\u00eb postimi n\u00eb Facebook, Bardhi shkruan se Balla \u00ebsht\u00eb m\u00ebsuar q\u00eb t\u00eb jet\u00eb shtojc\u00eb e krimit, p\u00ebrmes t\u00eb cilit ka v\u00ebn\u00eb pasuri t\u00eb paligjshme. Bardhi shkruan, se \u00ebsht\u00eb detyr\u00eb mbrojtja e t\u00eb drejtave themelore dhe mbrojtja e Kushtetut\u00ebs. [&hellip;]<\/p>\n","protected":false},"author":2013,"featured_media":117507,"comment_status":"open","ping_status":"closed","sticky":false,"template":"","format":"standard","meta":{"footnotes":""},"categories":[241,235],"tags":[],"class_list":{"0":"post-123321","1":"post","2":"type-post","3":"status-publish","4":"format-standard","5":"has-post-thumbnail","7":"category-aktualitet","8":"category-vendi"},"_links":{"self":[{"href":"https:\/\/zjarr.tv\/en\/wp-json\/wp\/v2\/posts\/123321","targetHints":{"allow":["GET"]}}],"collection":[{"href":"https:\/\/zjarr.tv\/en\/wp-json\/wp\/v2\/posts"}],"about":[{"href":"https:\/\/zjarr.tv\/en\/wp-json\/wp\/v2\/types\/post"}],"author":[{"embeddable":true,"href":"https:\/\/zjarr.tv\/en\/wp-json\/wp\/v2\/users\/2013"}],"replies":[{"embeddable":true,"href":"https:\/\/zjarr.tv\/en\/wp-json\/wp\/v2\/comments?post=123321"}],"version-history":[{"count":0,"href":"https:\/\/zjarr.tv\/en\/wp-json\/wp\/v2\/posts\/123321\/revisions"}],"wp:featuredmedia":[{"embeddable":true,"href":"https:\/\/zjarr.tv\/en\/wp-json\/wp\/v2\/media\/117507"}],"wp:attachment":[{"href":"https:\/\/zjarr.tv\/en\/wp-json\/wp\/v2\/media?parent=123321"}],"wp:term":[{"taxonomy":"category","embeddable":true,"href":"https:\/\/zjarr.tv\/en\/wp-json\/wp\/v2\/categories?post=123321"},{"taxonomy":"post_tag","embeddable":true,"href":"https:\/\/zjarr.tv\/en\/wp-json\/wp\/v2\/tags?post=123321"}],"curies":[{"name":"wp","href":"https:\/\/api.w.org\/{rel}","templated":true}]}}