{"id":123325,"date":"2020-03-05T12:44:59","date_gmt":"2020-03-05T11:44:59","guid":{"rendered":"https:\/\/zjarr.tv\/?p=123325"},"modified":"2020-03-05T12:44:59","modified_gmt":"2020-03-05T11:44:59","slug":"takimi-i-yuri-kim-me-etilda-gjonaj-meta-nuk-ndaloj-askend-qe-te-rreshtohet-me-grupin-falsifikator","status":"publish","type":"post","link":"https:\/\/zjarr.tv\/en\/takimi-i-yuri-kim-me-etilda-gjonaj-meta-nuk-ndaloj-askend-qe-te-rreshtohet-me-grupin-falsifikator\/","title":{"rendered":"Takimi i Yuri Kim me Etilda Gjonaj, Meta: Nuk ndaloj ask\u00ebnd q\u00eb t\u00eb rreshtohet me grupin falsifikator"},"content":{"rendered":"<p>N\u00eb konferenc\u00ebn p\u00ebr shtyp pas takimit me presidentin e Bullgaris\u00eb, presidenti Meta i \u00ebsht\u00eb p\u00ebrgjigjur edhe pyetjeve n\u00eb lidhje me ministren Gjonaj.<\/p>\n<p>Nj\u00eb gazetar e ka pyetur n\u00ebse ka komente p\u00ebr deklaratat e ambasadores amerikane Yuri Kim, pas takimit me ministren e Drejt\u00ebsis\u00eb p\u00ebr vazhdimin e reform\u00ebs n\u00eb Drejt\u00ebsi.<\/p>\n<p>Meta \u00ebsht\u00eb p\u00ebrgjigjur se ministrja po mundohet t\u00eb rr\u00ebmbej\u00eb n\u00eb m\u00ebnyr\u00eb mafioze Gjykat\u00ebn Kushtetuese, por ai tha se nuk ndalon \u00a0ask\u00ebnd q\u00eb t\u00eb rreshtohet me grupin falsifikator.<\/p>\n<p><strong>Pyetja e gazetarit:<\/strong>\u00a0<em>Ju e keni kall\u00ebzuar penalisht ministren e Drejt\u00ebsis\u00eb n\u00eb SPAK p\u00ebr falsifikim. Dje Gjonaj ishte n\u00eb takim me ambasadore Gjonaj dhe i ka k\u00ebrkuar q\u00eb t\u00eb vazhdoj\u00eb n\u00eb kursin e saj p\u00ebr reform\u00ebn n\u00eb drejt\u00ebsi. A keni nj\u00eb deklarat\u00eb p\u00ebr k\u00ebto deklarata?<\/em><\/p>\n<p><strong>Meta:<\/strong>\u00a0<em>Gjykata Kushtetuese po mundohet t\u00eb rr\u00ebmbehet n\u00eb m\u00ebnyra mafioze nga ministrja e Drejt\u00ebsis\u00eb dhe ekipi i saj, t\u00eb cil\u00ebt jan\u00eb akuzuar nga presidenti p\u00ebr 4 vepra penale. Ajo vazhdon t\u2019i mbaj\u00eb leksione prokuroris\u00eb, kur prokuroria \u00ebsht\u00eb e pavarur. Un\u00eb nuk ndaloj ask\u00ebnd q\u00eb t\u00eb rreshtohet me grupin falsifikator, kushdo qoft\u00eb, brenda dhe jasht\u00eb vendit.\u00a0<\/em><\/p>\n<p><em>Un\u00eb si president, por edhe si kryetar i Kuvendit kam b\u00ebr\u00eb \u00e7do gj\u00eb q\u00eb reforma n\u00eb drejt\u00ebsi t\u00eb respektohet me 140 vota. Se kush e ka minuar k\u00ebt\u00eb reform\u00eb, kush ka p\u00ebrkrahur miratimin e ligjeve antikushtetuese, si n\u00eb rastin e zgjedhjes s\u00eb kryeprokurorit me 69 vota, kush ka bllokuar KED, duke l\u00ebn\u00eb vendin pa Gjykat\u00eb Kushtetuese.\u00a0<\/em><\/p>\n<p><em>Kjo \u00e7\u00ebshtje ka d\u00ebmtuar vendin dhe sistemin e drejt\u00ebsis\u00eb. t\u00eb gjith\u00eb po e shohim se kush po e mb\u00ebshtet at\u00eb q\u00eb un\u00eb e quaj si grusht shteti. Un\u00eb kam qen\u00eb n\u00eb zbatim t\u00eb Kushtetut\u00ebs s\u00eb votuar me 140 vota. Kam b\u00ebr\u00eb detyr\u00ebn time edhe n\u00eb raport me qeverin\u00eb p\u00ebr kapjen e sistemit t\u00eb drejt\u00ebsis\u00eb. edhe me opozit\u00ebn q\u00eb t\u00eb mos i p\u00ebrgjegj\u00ebsive p\u00ebr shkeljet q\u00eb ka b\u00ebr\u00eb mazhoranca, por t\u00eb marrin pjes\u00eb aktive dhe t\u00eb japin platformat e saj.\u00a0<\/em><\/p>","protected":false},"excerpt":{"rendered":"<p>N\u00eb konferenc\u00ebn p\u00ebr shtyp pas takimit me presidentin e Bullgaris\u00eb, presidenti Meta i \u00ebsht\u00eb p\u00ebrgjigjur edhe pyetjeve n\u00eb lidhje me ministren Gjonaj. Nj\u00eb gazetar e ka pyetur n\u00ebse ka komente p\u00ebr deklaratat e ambasadores amerikane Yuri Kim, pas takimit me ministren e Drejt\u00ebsis\u00eb p\u00ebr vazhdimin e reform\u00ebs n\u00eb Drejt\u00ebsi. Meta \u00ebsht\u00eb p\u00ebrgjigjur se ministrja po [&hellip;]<\/p>\n","protected":false},"author":2013,"featured_media":123326,"comment_status":"open","ping_status":"closed","sticky":false,"template":"","format":"standard","meta":{"footnotes":""},"categories":[241,235],"tags":[],"class_list":{"0":"post-123325","1":"post","2":"type-post","3":"status-publish","4":"format-standard","5":"has-post-thumbnail","7":"category-aktualitet","8":"category-vendi"},"_links":{"self":[{"href":"https:\/\/zjarr.tv\/en\/wp-json\/wp\/v2\/posts\/123325","targetHints":{"allow":["GET"]}}],"collection":[{"href":"https:\/\/zjarr.tv\/en\/wp-json\/wp\/v2\/posts"}],"about":[{"href":"https:\/\/zjarr.tv\/en\/wp-json\/wp\/v2\/types\/post"}],"author":[{"embeddable":true,"href":"https:\/\/zjarr.tv\/en\/wp-json\/wp\/v2\/users\/2013"}],"replies":[{"embeddable":true,"href":"https:\/\/zjarr.tv\/en\/wp-json\/wp\/v2\/comments?post=123325"}],"version-history":[{"count":0,"href":"https:\/\/zjarr.tv\/en\/wp-json\/wp\/v2\/posts\/123325\/revisions"}],"wp:featuredmedia":[{"embeddable":true,"href":"https:\/\/zjarr.tv\/en\/wp-json\/wp\/v2\/media\/123326"}],"wp:attachment":[{"href":"https:\/\/zjarr.tv\/en\/wp-json\/wp\/v2\/media?parent=123325"}],"wp:term":[{"taxonomy":"category","embeddable":true,"href":"https:\/\/zjarr.tv\/en\/wp-json\/wp\/v2\/categories?post=123325"},{"taxonomy":"post_tag","embeddable":true,"href":"https:\/\/zjarr.tv\/en\/wp-json\/wp\/v2\/tags?post=123325"}],"curies":[{"name":"wp","href":"https:\/\/api.w.org\/{rel}","templated":true}]}}