{"id":123328,"date":"2020-03-05T12:47:57","date_gmt":"2020-03-05T11:47:57","guid":{"rendered":"https:\/\/zjarr.tv\/?p=123328"},"modified":"2020-03-05T12:47:57","modified_gmt":"2020-03-05T11:47:57","slug":"henri-cili-mohon-5-akuzat-skam-takuar-asnje-gjykates-ceshtja-ime-nuk-eshte-politike","status":"publish","type":"post","link":"https:\/\/zjarr.tv\/en\/henri-cili-mohon-5-akuzat-skam-takuar-asnje-gjykates-ceshtja-ime-nuk-eshte-politike\/","title":{"rendered":"Henri \u00c7ili mohon 5 akuzat: S&#8217;kam takuar asnj\u00eb gjykat\u00ebs, \u00e7\u00ebshtja ime nuk \u00ebsht\u00eb politike"},"content":{"rendered":"<p>Botuesi dhe gazetari Henri \u00c7ili ka mohuar 5 akuzat e ngritura nga prokuroria. N\u00eb nj\u00eb \u00a0komunikim p\u00ebr mediat, \u00c7ili tha se nuk ka takuar asnj\u00eb gjykat\u00ebs \u00a0p\u00ebr t\u00eb ndikuar n\u00eb vendime gjyq\u00ebsore.<\/p>\n<p>Ai tha po ashtu se \u00e7shtja e tij nuk \u00ebsht\u00eb politike, por lidhet me cil\u00ebsin\u00eb skandaloze t\u00eb drejt\u00ebsis\u00eb.<\/p>\n<p><strong>Akuza 1-Mashtrim<\/strong><\/p>\n<p>N\u00eb kuad\u00ebr t\u00eb veprimtaris\u00eb time si ortak mazhoritar i studios ligjore nuk kam kryer asnj\u00eb veprim t\u00eb paligjsh\u00ebm dhe specifikisht n\u00eb lidhje me akuz\u00ebn e par\u00eb nuk kam mashtruar ask\u00ebnd p\u00ebr asnj\u00eb arsye dhe p\u00ebr asnj\u00eb \u00e7\u00ebshtje. \u00cbsht\u00eb nj\u00eb marr\u00ebdh\u00ebnie sh\u00ebrbimi mes studios legale dhe personit t\u00eb kontaktuar, t\u00eb af\u00ebrm n\u00eb procese gjyq\u00ebsore p\u00ebr shkall\u00ebn e tret\u00eb jan\u00eb b\u00ebr\u00eb kontakte dhe biseda p\u00ebr t\u00eb konkluduar n\u00eb nj\u00eb kontrat\u00eb sh\u00ebrbimesh n\u00eb nj\u00eb moment t\u00eb dyt\u00eb, sh\u00ebrbime juridike n\u00eb funksion t\u00eb gj\u00ebs\u00eb baz\u00eb q\u00eb ka nj\u00eb studio ligjore, mbrojtja ligjore, p\u00ebr klient\u00eb t\u00eb ndrysh\u00ebm p\u00ebr \u00e7\u00ebshtje n\u00eb shkall\u00ebn e tret\u00eb.<\/p>\n<p><strong>Akzua 2- Falsifikim<\/strong><\/p>\n<p>Nuk kam falsifikuar asnj\u00eb dokument dhe nuk ekziston asnj\u00eb dokument i falsifikuar. As kam n\u00ebnshkruar dhe as kam marr\u00eb pjes\u00eb n\u00eb p\u00ebrpilimin e ndonj\u00eb akti p\u00ebr t\u00eb falsifikuar nj\u00eb dokument t\u00eb pretenduar nga prokuroria.<\/p>\n<p><strong>Akuza 3-Fshehja e t\u00eb ardhurave<\/strong><\/p>\n<p>Nuk kam fshehur asnj\u00eb t\u00eb ardhur. Sepse n\u00eb t\u00eb dy \u00e7\u00ebshtjet q\u00eb dyshohet se kam kryer shkelje ligjore p\u00ebr nj\u00eb arsye t\u00eb thjesht\u00eb sepse nuk kam realizuar asnj\u00eb ark\u00ebtim, asnj\u00eb kontrat\u00eb sh\u00ebrbimi p\u00ebr arsyen e thjesht\u00eb se n\u00eb t\u00eb dy rastet kemi qen\u00eb n\u00eb faz\u00ebn e negocimit.<\/p>\n<p>vijon<\/p>","protected":false},"excerpt":{"rendered":"<p>Botuesi dhe gazetari Henri \u00c7ili ka mohuar 5 akuzat e ngritura nga prokuroria. N\u00eb nj\u00eb \u00a0komunikim p\u00ebr mediat, \u00c7ili tha se nuk ka takuar asnj\u00eb gjykat\u00ebs \u00a0p\u00ebr t\u00eb ndikuar n\u00eb vendime gjyq\u00ebsore. Ai tha po ashtu se \u00e7shtja e tij nuk \u00ebsht\u00eb politike, por lidhet me cil\u00ebsin\u00eb skandaloze t\u00eb drejt\u00ebsis\u00eb. Akuza 1-Mashtrim N\u00eb kuad\u00ebr t\u00eb [&hellip;]<\/p>\n","protected":false},"author":2013,"featured_media":123330,"comment_status":"open","ping_status":"closed","sticky":false,"template":"","format":"standard","meta":{"footnotes":""},"categories":[241,235],"tags":[],"class_list":{"0":"post-123328","1":"post","2":"type-post","3":"status-publish","4":"format-standard","5":"has-post-thumbnail","7":"category-aktualitet","8":"category-vendi"},"_links":{"self":[{"href":"https:\/\/zjarr.tv\/en\/wp-json\/wp\/v2\/posts\/123328","targetHints":{"allow":["GET"]}}],"collection":[{"href":"https:\/\/zjarr.tv\/en\/wp-json\/wp\/v2\/posts"}],"about":[{"href":"https:\/\/zjarr.tv\/en\/wp-json\/wp\/v2\/types\/post"}],"author":[{"embeddable":true,"href":"https:\/\/zjarr.tv\/en\/wp-json\/wp\/v2\/users\/2013"}],"replies":[{"embeddable":true,"href":"https:\/\/zjarr.tv\/en\/wp-json\/wp\/v2\/comments?post=123328"}],"version-history":[{"count":0,"href":"https:\/\/zjarr.tv\/en\/wp-json\/wp\/v2\/posts\/123328\/revisions"}],"wp:featuredmedia":[{"embeddable":true,"href":"https:\/\/zjarr.tv\/en\/wp-json\/wp\/v2\/media\/123330"}],"wp:attachment":[{"href":"https:\/\/zjarr.tv\/en\/wp-json\/wp\/v2\/media?parent=123328"}],"wp:term":[{"taxonomy":"category","embeddable":true,"href":"https:\/\/zjarr.tv\/en\/wp-json\/wp\/v2\/categories?post=123328"},{"taxonomy":"post_tag","embeddable":true,"href":"https:\/\/zjarr.tv\/en\/wp-json\/wp\/v2\/tags?post=123328"}],"curies":[{"name":"wp","href":"https:\/\/api.w.org\/{rel}","templated":true}]}}