{"id":123332,"date":"2020-03-05T13:15:58","date_gmt":"2020-03-05T12:15:58","guid":{"rendered":"https:\/\/zjarr.tv\/?p=123332"},"modified":"2020-03-05T13:15:58","modified_gmt":"2020-03-05T12:15:58","slug":"pd-10-genjeshtrat-me-te-medha-te-edi-rames-sot-pa-u-skuqur-fare","status":"publish","type":"post","link":"https:\/\/zjarr.tv\/en\/pd-10-genjeshtrat-me-te-medha-te-edi-rames-sot-pa-u-skuqur-fare\/","title":{"rendered":"PD: 10 g\u00ebnjeshtrat m\u00eb t\u00eb m\u00ebdha t\u00eb Edi Ram\u00ebs sot pa u skuqur fare"},"content":{"rendered":"<p>Partia Demokratika ka reaguar pas deklaratave t\u00eb kryeministrit Edi Rama n\u00eb Kuvend.<\/p>\n<p>PD \u00a0ka renditur 10 g\u00ebnjeshtra, q\u00eb sipas saj Rama i tha sot pa u skuqur fare.<\/p>\n<p>1. Gjoja u revoltua me ata nuk mbrojn\u00eb t\u00eb ashtuquajturin ligj antiK\u00c7K, por vet\u00eb erdhi n\u00eb pushtet me Aleanc\u00ebn e Qelb\u00ebsirave dhe t\u00eb Kriminel\u00ebve.<br \/>\n2. Thot\u00eb se opinioni mb\u00ebshtet 72% t\u00eb ashtuquajturin ligj antiK\u00c7K, por nuk tregon se 87% nuk beson se qeveria do ta zbatoj\u00eb ligjin kund\u00ebr krimit.<br \/>\n3. Gjoja vajtoi p\u00ebr vajzat e trafikuara, por b\u00ebri deputet\u00eb 2 trafikant\u00eb vajzash, Arben Ndok\u00ebn, Mark Frrokun dhe kryebashkiak nj\u00eb p\u00ebrdhunues, Elvis Roshin.<br \/>\n4. B\u00ebn sikur po lufton krimin e organizuar, por banda e Avdylajve \u00ebsht\u00eb e regjistruar me Vangjush Dakon, q\u00eb blejn\u00eb vota p\u00ebr Edi Ram\u00ebn p\u00ebr t\u2019i b\u00ebr\u00eb surpriz\u00eb 10 deputet\u00eb n\u00eb Durr\u00ebs.<br \/>\n5. Lavd\u00ebron si kurajoze Ministren e Drejt\u00ebsis\u00eb, por nuk thot\u00eb pse bashk\u00ebshorti i ministres \u00ebsht\u00eb peng p\u00ebr shkak t\u00eb llogarive t\u00eb dyshimta me bixhozin.<br \/>\n6. Flet p\u00ebr t\u00eb burgosur q\u00eb do t\u00eb vuajn\u00eb me 41 bis, por Agim Kajmaku sh\u00ebtit i lir\u00eb n\u00eb mes t\u00eb Tiran\u00ebs dhe Edi Rama vazhdon ta majm\u00eb me tendera publik\u00eb.<br \/>\n7. \u201cVajton\u201d p\u00ebr 28 kriminel\u00eb t\u00eb liruar nga gjykatat, por nuk thot\u00eb se ata u liruan me firm\u00ebn e drejtor\u00ebve t\u00eb tij t\u00eb burgut dhe kryebashkiak\u00ebve t\u00eb tij garant\u00eb.<br \/>\n8. Deklaroi se p\u00ebr her\u00eb t\u00eb par\u00eb po preken t\u00eb paprekshmit, por deri tani nuk \u00ebsht\u00eb konfiskuar asnj\u00eb pasuri dometh\u00ebn\u00ebse e krimit t\u00eb organizuar.<br \/>\n9. Tha se pasurit\u00eb e politikan\u00ebve jan\u00eb t\u00eb kontrolluara, por nuk tha se ku i gjeti ai 2 milion\u00eb euro p\u00ebr t\u00eb nd\u00ebrtuar vil\u00ebn luksoze n\u00eb Surrel.<br \/>\n10. Shpalli dashurin\u00eb p\u00ebr shqiptar\u00ebt, por n\u00eb 7 vjet vet\u00ebm i ka vjedhur, u ka rritur taksat dhe i ka burgosur.<\/p>","protected":false},"excerpt":{"rendered":"<p>Partia Demokratika ka reaguar pas deklaratave t\u00eb kryeministrit Edi Rama n\u00eb Kuvend. PD \u00a0ka renditur 10 g\u00ebnjeshtra, q\u00eb sipas saj Rama i tha sot pa u skuqur fare. 1. Gjoja u revoltua me ata nuk mbrojn\u00eb t\u00eb ashtuquajturin ligj antiK\u00c7K, por vet\u00eb erdhi n\u00eb pushtet me Aleanc\u00ebn e Qelb\u00ebsirave dhe t\u00eb Kriminel\u00ebve. 2. Thot\u00eb se [&hellip;]<\/p>\n","protected":false},"author":2013,"featured_media":100526,"comment_status":"open","ping_status":"closed","sticky":false,"template":"","format":"standard","meta":{"footnotes":""},"categories":[241,235],"tags":[],"class_list":{"0":"post-123332","1":"post","2":"type-post","3":"status-publish","4":"format-standard","5":"has-post-thumbnail","7":"category-aktualitet","8":"category-vendi"},"_links":{"self":[{"href":"https:\/\/zjarr.tv\/en\/wp-json\/wp\/v2\/posts\/123332","targetHints":{"allow":["GET"]}}],"collection":[{"href":"https:\/\/zjarr.tv\/en\/wp-json\/wp\/v2\/posts"}],"about":[{"href":"https:\/\/zjarr.tv\/en\/wp-json\/wp\/v2\/types\/post"}],"author":[{"embeddable":true,"href":"https:\/\/zjarr.tv\/en\/wp-json\/wp\/v2\/users\/2013"}],"replies":[{"embeddable":true,"href":"https:\/\/zjarr.tv\/en\/wp-json\/wp\/v2\/comments?post=123332"}],"version-history":[{"count":0,"href":"https:\/\/zjarr.tv\/en\/wp-json\/wp\/v2\/posts\/123332\/revisions"}],"wp:featuredmedia":[{"embeddable":true,"href":"https:\/\/zjarr.tv\/en\/wp-json\/wp\/v2\/media\/100526"}],"wp:attachment":[{"href":"https:\/\/zjarr.tv\/en\/wp-json\/wp\/v2\/media?parent=123332"}],"wp:term":[{"taxonomy":"category","embeddable":true,"href":"https:\/\/zjarr.tv\/en\/wp-json\/wp\/v2\/categories?post=123332"},{"taxonomy":"post_tag","embeddable":true,"href":"https:\/\/zjarr.tv\/en\/wp-json\/wp\/v2\/tags?post=123332"}],"curies":[{"name":"wp","href":"https:\/\/api.w.org\/{rel}","templated":true}]}}