{"id":123334,"date":"2020-03-05T14:22:03","date_gmt":"2020-03-05T13:22:03","guid":{"rendered":"https:\/\/zjarr.tv\/?p=123334"},"modified":"2020-03-05T14:22:03","modified_gmt":"2020-03-05T13:22:03","slug":"ligji-per-kalimin-e-pronesise-tabaku-antikushtetues-i-jep-rames-fuqine-e-nje-gjykate","status":"publish","type":"post","link":"https:\/\/zjarr.tv\/en\/ligji-per-kalimin-e-pronesise-tabaku-antikushtetues-i-jep-rames-fuqine-e-nje-gjykate\/","title":{"rendered":"Ligji p\u00ebr Kalimin e Pron\u00ebsis\u00eb, Tabaku: Antikushtetues, i jep Ram\u00ebs fuqin\u00eb e nj\u00eb gjykate"},"content":{"rendered":"<p>Partia Demokratika ka dh\u00ebn\u00eb 5 arsye pse ligji p\u00ebr Kalimin e Pron\u00ebsis\u00eb \u00ebsht\u00eb anti-kushtetues. \u00a0N\u00eb nj\u00eb deklarat\u00eb nga selia e PD, Jorida Tabaku thot\u00eb se ky ligj i jep Ram\u00ebs fuqin\u00eb e nj\u00eb gjykate.<\/p>\n<p>Partia Demokratike tha Tabaku, zotohet se do t\u00eb rr\u00ebzoj\u00eb k\u00ebt\u00eb korpus ligjor anti-pron\u00eb, q\u00eb sipas saj cenon dhe sulmon parimin themelor t\u00eb barazis\u00eb p\u00ebrpara ligjit, g\u00ebzimin e t\u00eb drejt\u00ebs s\u00eb pron\u00ebs dhe vendimet Gjykat\u00ebs Kushtetuese.<\/p>\n<p><strong>Deklarat\u00eb e Jorida Tabakut<\/strong><\/p>\n<p><em>Edi Rama, ka prodhuar n\u00eb 7 vjet nj\u00eb korpus ligjor anti-pron\u00eb dhe pro oligark\u00eb. Synimi i k\u00ebtij korpusi ligjor \u00ebsht\u00eb zhdukja e t\u00eb drejt\u00ebs s\u00eb qytetarit p\u00ebr t\u00eb g\u00ebzuar pron\u00ebn, vjedhjen e saj p\u00ebr interesa personal\u00eb t\u00eb tarafit ekonomik t\u00eb Ram\u00ebs.<\/em><\/p>\n<p><em>N\u00eb gjith\u00eb k\u00ebt\u00eb grup ligjesh, qeveria dhe mazhoranca kan\u00eb shkelur me t\u00eb dyja k\u00ebmb\u00ebt Kushtetut\u00ebn e Shqip\u00ebris\u00eb, Vendimet e Gjykat\u00ebs Kushtetuese dhe ato t\u00eb Strasburgut. T\u00eb uritur p\u00ebr t\u00eb gllab\u00ebruar e marr\u00eb \u00e7do pron\u00eb t\u00eb mundshme, mazhoranca ka dhunuar plot\u00ebsisht parimin e shenjt\u00eb t\u00eb Kart\u00ebs t\u00eb t\u00eb Drejtave t\u00eb Njeriut.<\/em><\/p>\n<p><em>N\u00eb projekt-ligjin p\u00ebr Kalimin e Pron\u00ebsis\u00eb, mazhoranca nuk ka respektuar asnj\u00eb nga k\u00ebshillat parimore t\u00eb Komisionit t\u00eb Venecias. Jo vet\u00ebm kaq por ajo ka ideuar nj\u00eb ligj akoma dhe m\u00eb \u00a0malinj se ai q\u00eb kish propozuar m\u00eb par\u00eb, duke e ndryshuar vet\u00ebm n\u00eb fasad\u00eb dhe duke ruajtur brendin\u00eb e tij.<\/em><\/p>\n<p><em>Projektligji q\u00eb sot po miratohet nga votat e noterit personal t\u00eb Ram\u00ebs, t\u00eb parlamentit ilegjitim, i kalon kompetenca ekstra ligjore agjencive t\u00eb qeveris\u00eb si e si q\u00eb kjo e fundit t\u00eb p\u00ebrdor\u00eb pushtetin e saj p\u00ebr t\u00eb kryer ndere personale.<\/em><\/p>\n<p><em>Praktikisht do t\u00eb kemi disa ligje n\u00eb fuqi q\u00eb jan\u00eb n\u00eb kund\u00ebrshti t\u00eb past\u00ebr me nj\u00ebri tjetrin. Ligji p\u00ebr planifikimin e territorit dhe ligjin n\u00eb fjal\u00eb q\u00eb i jep t\u00eb drejt\u00ebn ASHK-s\u00eb t\u00eb vjedh\u00eb kompetencat e IKMT-s\u00eb. Me q\u00ebllimin q\u00eb procesi i legalizimeve jo vet\u00ebm t\u00eb mos p\u00ebrfundoj\u00eb kurr\u00eb, por t\u00eb jet\u00eb nj\u00eb rrjet\u00eb me t\u00eb cil\u00ebn qeveria t\u00eb marr\u00eb vota dhe t\u00eb abuzoj\u00eb me pushtetin.<\/em><\/p>\n<p><em>Aq i pandersh\u00ebm \u00ebsht\u00eb ky ligj saq\u00eb qeveria ka vendosur q\u00eb t\u00eb mos mbroj\u00eb interesat ekonomik t\u00eb pronarit t\u00eb ligjsh\u00ebm. Propozimi i cili do t\u00eb votohet n\u00eb kuvend, nuk i jep asnj\u00eb afat garancie t\u00eb shp\u00ebrblimit p\u00ebr tok\u00ebn e grabitur pronarit. Nga ana tjet\u00ebr nuk i jep as siguri p\u00ebr legalizimin e tij.<\/em><\/p>\n<p><em>Sakaq, pronar\u00ebt q\u00eb n\u00eb t\u00eb drejt\u00eb t\u00eb tyre kan\u00eb g\u00ebzuar nj\u00eb pron\u00eb p\u00ebr vite edhe dekada me radh\u00eb n\u00eb rast t\u00eb munges\u00ebs s\u00eb nj\u00eb tapie do t\u00eb konsiderohen si ilegal\u00eb. Kjo \u00e7menduri q\u00eb votohet sot n\u00eb kuvendin e Shqip\u00ebris\u00eb nga noter\u00ebt e krye-oligarkut Rama i k\u00ebrkojn\u00eb pronarit t\u00eb tok\u00ebs q\u00eb t\u00eb ri blej\u00eb truallin e tij dhe nd\u00ebrtes\u00ebn e tij edhe n\u00ebse kjo \u00ebsht\u00eb nd\u00ebrtuar p\u00ebrpara 1991.<\/em><\/p>\n<p><em>T\u00eb vetmit q\u00eb mund t\u00eb g\u00ebzojn\u00eb me k\u00ebt\u00eb ligj jan\u00eb padyshim oligark\u00ebt e shpur\u00ebs s\u00eb Ram\u00ebs. Jan\u00eb pik\u00ebrisht ato q\u00eb mbrohen specifikisht p\u00ebr gjoja investimin e tyre q\u00eb njihet si qera 99 vje\u00e7are.<\/em><\/p>\n<p><em>N\u00eb raste t\u00eb tilla, kur nj\u00eb oligark q\u00eb ka zgjeruar pron\u00ebn e tij ilegalisht nga ajo \u00e7far\u00eb ka marr\u00eb me qera, mund ta posedoj\u00eb k\u00ebt\u00eb pron\u00eb t\u00eb grabitur me letra, leht\u00ebsisht. Madje nj\u00eb leht\u00ebsi e till\u00eb bie dhe n\u00eb kurrizin e pronarit privat apo publik edhe me nj\u00eb \u00e7mim qesharak.<\/em><\/p>\n<p><em>N\u00eb fjal\u00eb t\u00eb tjera. Mjafton q\u00eb nj\u00eb prej k\u00ebtyre q\u00eb ka marr\u00eb rrug\u00ebt e florinjta me koncensione miliarda euro, nga veriu n\u00eb jug, q\u00eb t\u00eb vendos\u00eb njoll\u00ebn e tij n\u00eb nj\u00eb tok\u00eb private apo publike duke zgjeruar aktivitetin e tij. Dhe ai mundet t\u00eb zot\u00ebroj\u00eb k\u00ebt\u00eb tok\u00eb p\u00ebr biznesin e tij n\u00eb d\u00ebm t\u00eb interesit t\u00eb qytetar\u00ebve.<\/em><\/p>\n<p><em>Ky ligj i jep fuqi Ram\u00ebs dhe vart\u00ebsve t\u00eb tij t\u00eb ken\u00eb autoritetin e nj\u00eb gjykate, duke vendosur p\u00ebr kufinjt\u00eb e pron\u00ebs n\u00eb rast konflikti, t\u00eb drejt\u00eb q\u00eb deri m\u00eb sot e kan\u00eb vet\u00ebm gjykatat n\u00eb Republik\u00ebn e Shqip\u00ebris\u00eb, q\u00eb bie ndesh me Kodin e Prcedur\u00ebs Civile duke marr\u00eb fuqi e kompetenca ekstraligjore.<\/em><\/p>\n<p><em>Komisioni i Venecias foli qart\u00eb p\u00ebr k\u00ebt\u00eb ligj si dhe p\u00ebr grupin prej 10 ligjesh q\u00eb PD ka vite q\u00eb i denoncon. Miratimi i k\u00ebtij Ligji \u00ebsht\u00eb nj\u00eb hap m\u00eb tej n\u00eb uzurpimin e \u00e7do hap\u00ebsir\u00eb institucionale, n\u00eb marrjne e \u00e7do kompetence dhe n\u00eb rr\u00ebmbimin e cdo p\u00ebrgjegj\u00ebsie.<\/em><\/p>\n<p><em>Partia Demokratike zotohet se do t\u00eb rr\u00ebzoj\u00eb k\u00ebt\u00eb korpus ligjor anti-pron\u00eb, q\u00eb cenon dhe sulmon parimin themelor t\u00eb barazis\u00eb p\u00ebrpara ligjit, g\u00ebzimin e t\u00eb drejt\u00ebs s\u00eb pron\u00ebs dhe vendimet Gjykat\u00ebs Kushtetuese.<\/em><\/p>\n<p><em>Gjithashtu zotohemi se do t\u00eb trajtojm\u00eb pron\u00ebn, pronar\u00ebt dhe qytetar\u00ebt q\u00eb duan t\u00eb g\u00ebzojn\u00eb pron\u00ebn e tyre jo me parimin \u201cprona e para\u201d. P\u00ebrkundrazi, ne do t\u00eb vendosim pron\u00ebn dhe g\u00ebzimin e saj primare duke vler\u00ebsuar dhe respektuar \u00e7do zgjidhje q\u00eb nuk e trajton k\u00ebt\u00eb proces si form\u00eb k\u00ebrc\u00ebnimi, por si nj\u00eb m\u00ebnyr\u00eb p\u00ebr t\u00eb respektuar t\u00eb drejtat dhe lirit\u00eb e qytetar\u00ebve.<\/em><\/p>\n<p><em>Ky ligj i v\u00eb edhe nj\u00ebher\u00eb vul\u00ebn Kuvendit ilegjitim, Kuvendit q\u00eb ka dal\u00eb jasht\u00eb \u00e7do funksioni. Mbron \u00e7do interes, p\u00ebrve\u00e7 interesat legjitime t\u00eb qytetar\u00ebve shqiptar\u00eb.<\/em><\/p>","protected":false},"excerpt":{"rendered":"<p>Partia Demokratika ka dh\u00ebn\u00eb 5 arsye pse ligji p\u00ebr Kalimin e Pron\u00ebsis\u00eb \u00ebsht\u00eb anti-kushtetues. \u00a0N\u00eb nj\u00eb deklarat\u00eb nga selia e PD, Jorida Tabaku thot\u00eb se ky ligj i jep Ram\u00ebs fuqin\u00eb e nj\u00eb gjykate. Partia Demokratike tha Tabaku, zotohet se do t\u00eb rr\u00ebzoj\u00eb k\u00ebt\u00eb korpus ligjor anti-pron\u00eb, q\u00eb sipas saj cenon dhe sulmon parimin themelor [&hellip;]<\/p>\n","protected":false},"author":2013,"featured_media":69477,"comment_status":"open","ping_status":"closed","sticky":false,"template":"","format":"standard","meta":{"footnotes":""},"categories":[241,235],"tags":[],"class_list":{"0":"post-123334","1":"post","2":"type-post","3":"status-publish","4":"format-standard","5":"has-post-thumbnail","7":"category-aktualitet","8":"category-vendi"},"_links":{"self":[{"href":"https:\/\/zjarr.tv\/en\/wp-json\/wp\/v2\/posts\/123334","targetHints":{"allow":["GET"]}}],"collection":[{"href":"https:\/\/zjarr.tv\/en\/wp-json\/wp\/v2\/posts"}],"about":[{"href":"https:\/\/zjarr.tv\/en\/wp-json\/wp\/v2\/types\/post"}],"author":[{"embeddable":true,"href":"https:\/\/zjarr.tv\/en\/wp-json\/wp\/v2\/users\/2013"}],"replies":[{"embeddable":true,"href":"https:\/\/zjarr.tv\/en\/wp-json\/wp\/v2\/comments?post=123334"}],"version-history":[{"count":0,"href":"https:\/\/zjarr.tv\/en\/wp-json\/wp\/v2\/posts\/123334\/revisions"}],"wp:featuredmedia":[{"embeddable":true,"href":"https:\/\/zjarr.tv\/en\/wp-json\/wp\/v2\/media\/69477"}],"wp:attachment":[{"href":"https:\/\/zjarr.tv\/en\/wp-json\/wp\/v2\/media?parent=123334"}],"wp:term":[{"taxonomy":"category","embeddable":true,"href":"https:\/\/zjarr.tv\/en\/wp-json\/wp\/v2\/categories?post=123334"},{"taxonomy":"post_tag","embeddable":true,"href":"https:\/\/zjarr.tv\/en\/wp-json\/wp\/v2\/tags?post=123334"}],"curies":[{"name":"wp","href":"https:\/\/api.w.org\/{rel}","templated":true}]}}