{"id":123344,"date":"2020-03-05T14:26:40","date_gmt":"2020-03-05T13:26:40","guid":{"rendered":"https:\/\/zjarr.tv\/?p=123344"},"modified":"2020-03-05T14:26:40","modified_gmt":"2020-03-05T13:26:40","slug":"perplasje-mes-aktivisteve-te-levizjes-vetevendosje-ne-shqiperi-dhe-policise-se-shtetit","status":"publish","type":"post","link":"https:\/\/zjarr.tv\/en\/perplasje-mes-aktivisteve-te-levizjes-vetevendosje-ne-shqiperi-dhe-policise-se-shtetit\/","title":{"rendered":"P\u00ebrplasje mes aktivist\u00ebve t\u00eb L\u00ebvizjes Vet\u00ebvendosje n\u00eb Shqip\u00ebri dhe Policis\u00eb s\u00eb Shtetit"},"content":{"rendered":"<p>P\u00ebrplasje mes aktivist\u00ebve t\u00eb L\u00ebvizjes Vet\u00ebvendosje n\u00eb Shqip\u00ebri dhe policis\u00eb.<\/p>\n<p>P\u00ebrplasja ka ndodhur p\u00ebr shkrimin e parullave n\u00eb murin e Policis\u00eb s\u00eb Shtetit nga ana e aktivist\u00ebve.<\/p>\n<p>Ata kan\u00eb shkruar\u00a0<em>\u201cgruaja denoncon, policia injoron\u201d.<\/em><\/p>\n<p>Nd\u00ebrkoh\u00eb, kjo gj\u00eb ka shkaktuar konfliktim me tyre dhe policis\u00eb t\u00eb cil\u00ebt ua kan\u00eb k\u00ebrkuar t\u00eb largohen.<\/p>\n<p><em>\u201cJu lutem largohuni, ky \u00ebsht\u00eb institucion, s\u2019mund t\u00eb b\u00ebni gj\u00ebra t\u00eb tilla. Largohuni!\u201d<\/em>\u00a0\u2013 shprehet nj\u00eb efektiv i policis\u00eb.<\/p>\n<p><em>\u201cNe kemi ardhur kund\u00ebr burrave ju dhunoni grat\u00eb k\u00ebtu. S\u2019keni turp. Ky \u00ebsht\u00eb institucion i shqiptar\u00ebve.\u201d<\/em>\u00a0\u2013 d\u00ebgjohet t\u00eb thot\u00eb nj\u00eb aktiviste.<\/p>","protected":false},"excerpt":{"rendered":"<p>P\u00ebrplasje mes aktivist\u00ebve t\u00eb L\u00ebvizjes Vet\u00ebvendosje n\u00eb Shqip\u00ebri dhe policis\u00eb. P\u00ebrplasja ka ndodhur p\u00ebr shkrimin e parullave n\u00eb murin e Policis\u00eb s\u00eb Shtetit nga ana e aktivist\u00ebve. Ata kan\u00eb shkruar\u00a0\u201cgruaja denoncon, policia injoron\u201d. Nd\u00ebrkoh\u00eb, kjo gj\u00eb ka shkaktuar konfliktim me tyre dhe policis\u00eb t\u00eb cil\u00ebt ua kan\u00eb k\u00ebrkuar t\u00eb largohen. \u201cJu lutem largohuni, ky \u00ebsht\u00eb [&hellip;]<\/p>\n","protected":false},"author":2013,"featured_media":123345,"comment_status":"open","ping_status":"closed","sticky":false,"template":"","format":"standard","meta":{"footnotes":""},"categories":[241,235],"tags":[],"class_list":{"0":"post-123344","1":"post","2":"type-post","3":"status-publish","4":"format-standard","5":"has-post-thumbnail","7":"category-aktualitet","8":"category-vendi"},"_links":{"self":[{"href":"https:\/\/zjarr.tv\/en\/wp-json\/wp\/v2\/posts\/123344","targetHints":{"allow":["GET"]}}],"collection":[{"href":"https:\/\/zjarr.tv\/en\/wp-json\/wp\/v2\/posts"}],"about":[{"href":"https:\/\/zjarr.tv\/en\/wp-json\/wp\/v2\/types\/post"}],"author":[{"embeddable":true,"href":"https:\/\/zjarr.tv\/en\/wp-json\/wp\/v2\/users\/2013"}],"replies":[{"embeddable":true,"href":"https:\/\/zjarr.tv\/en\/wp-json\/wp\/v2\/comments?post=123344"}],"version-history":[{"count":0,"href":"https:\/\/zjarr.tv\/en\/wp-json\/wp\/v2\/posts\/123344\/revisions"}],"wp:featuredmedia":[{"embeddable":true,"href":"https:\/\/zjarr.tv\/en\/wp-json\/wp\/v2\/media\/123345"}],"wp:attachment":[{"href":"https:\/\/zjarr.tv\/en\/wp-json\/wp\/v2\/media?parent=123344"}],"wp:term":[{"taxonomy":"category","embeddable":true,"href":"https:\/\/zjarr.tv\/en\/wp-json\/wp\/v2\/categories?post=123344"},{"taxonomy":"post_tag","embeddable":true,"href":"https:\/\/zjarr.tv\/en\/wp-json\/wp\/v2\/tags?post=123344"}],"curies":[{"name":"wp","href":"https:\/\/api.w.org\/{rel}","templated":true}]}}