{"id":123356,"date":"2020-03-05T15:40:13","date_gmt":"2020-03-05T14:40:13","guid":{"rendered":"https:\/\/zjarr.tv\/?p=123356"},"modified":"2020-03-05T15:40:13","modified_gmt":"2020-03-05T14:40:13","slug":"lleshaj-shqiptaret-i-kane-rruget-e-hapura-por-duhet-kujdes-per-te-mos-rene-ne-rrjetet-e-trafikanteve","status":"publish","type":"post","link":"https:\/\/zjarr.tv\/en\/lleshaj-shqiptaret-i-kane-rruget-e-hapura-por-duhet-kujdes-per-te-mos-rene-ne-rrjetet-e-trafikanteve\/","title":{"rendered":"Lleshaj: Shqiptar\u00ebt i kan\u00eb rrug\u00ebt e hapura, por duhet kujdes p\u00ebr t\u00eb mos r\u00ebn\u00eb n\u00eb rrjetet e trafikant\u00ebve"},"content":{"rendered":"<p>Ministri i Brendsh\u00ebm Sand\u00ebr Lleshaj, p\u00ebrmes Twitter-it \u00ebsht\u00eb shprehur se operacioni policor \u201cLaboratori\u201d \u00ebsht\u00eb nj\u00eb tjet\u00ebr goditje kund\u00ebr krimit t\u00eb organizuar.<\/p>\n<p>Lleshaj shton se shqiptar\u00ebt i kan\u00eb t\u00eb hapura rrug\u00ebt p\u00ebr udh\u00ebtim t\u00eb ligjsh\u00ebm jasht\u00eb vendit, por k\u00ebrkohet kujdes p\u00ebr t\u00eb mos r\u00ebn\u00eb n\u00eb rrjetet e trafikant\u00ebve.<\/p>\n<p><strong>Lleshaj:<\/strong>\u00a0<em>Operacioni policor \u201cLaboratori\u201d \u00ebsht\u00eb nj\u00eb tjet\u00ebr goditje kund\u00ebr krimit t\u00eb organizuar, i cili p\u00ebrpiqet t\u00eb nxis\u00eb kalimin e paligjsh\u00ebm t\u00eb qytetar\u00ebve drejt vendeve per\u00ebndimore, duke nxjerr\u00eb p\u00ebrfitime financiare dhe duke d\u00ebmtuar r\u00ebnd\u00eb interesat e tyre dhe t\u00eb gjith\u00eb shoq\u00ebris\u00eb. Qytetar\u00ebt shqiptar\u00eb i kan\u00eb rrug\u00ebt hapur p\u00ebr udh\u00ebtim t\u00eb ligjsh\u00ebm jasht\u00eb vendit, ndaj k\u00ebrkohet kujdes p\u00ebr t\u00eb mos r\u00ebn\u00eb n\u00eb rrjetet e trafikant\u00ebve. Agjencit\u00eb p\u00ebrgjegj\u00ebse do ta thellojn\u00eb pun\u00ebn p\u00ebr t\u00eb goditur n\u00eb themel t\u00eb gjitha rrjetet kriminale q\u00eb veprojn\u00eb n\u00eb k\u00ebt\u00eb fush\u00eb, ku bashk\u00ebpunimi i qytetar\u00ebve \u00ebsht\u00eb i domosdosh\u00ebm dhe krejt\u00ebsisht edhe n\u00eb favorin e tyre.<\/em><\/p>","protected":false},"excerpt":{"rendered":"<p>Ministri i Brendsh\u00ebm Sand\u00ebr Lleshaj, p\u00ebrmes Twitter-it \u00ebsht\u00eb shprehur se operacioni policor \u201cLaboratori\u201d \u00ebsht\u00eb nj\u00eb tjet\u00ebr goditje kund\u00ebr krimit t\u00eb organizuar. Lleshaj shton se shqiptar\u00ebt i kan\u00eb t\u00eb hapura rrug\u00ebt p\u00ebr udh\u00ebtim t\u00eb ligjsh\u00ebm jasht\u00eb vendit, por k\u00ebrkohet kujdes p\u00ebr t\u00eb mos r\u00ebn\u00eb n\u00eb rrjetet e trafikant\u00ebve. Lleshaj:\u00a0Operacioni policor \u201cLaboratori\u201d \u00ebsht\u00eb nj\u00eb tjet\u00ebr goditje kund\u00ebr [&hellip;]<\/p>\n","protected":false},"author":2013,"featured_media":123357,"comment_status":"open","ping_status":"closed","sticky":false,"template":"","format":"standard","meta":{"footnotes":""},"categories":[241,235],"tags":[],"class_list":{"0":"post-123356","1":"post","2":"type-post","3":"status-publish","4":"format-standard","5":"has-post-thumbnail","7":"category-aktualitet","8":"category-vendi"},"_links":{"self":[{"href":"https:\/\/zjarr.tv\/en\/wp-json\/wp\/v2\/posts\/123356","targetHints":{"allow":["GET"]}}],"collection":[{"href":"https:\/\/zjarr.tv\/en\/wp-json\/wp\/v2\/posts"}],"about":[{"href":"https:\/\/zjarr.tv\/en\/wp-json\/wp\/v2\/types\/post"}],"author":[{"embeddable":true,"href":"https:\/\/zjarr.tv\/en\/wp-json\/wp\/v2\/users\/2013"}],"replies":[{"embeddable":true,"href":"https:\/\/zjarr.tv\/en\/wp-json\/wp\/v2\/comments?post=123356"}],"version-history":[{"count":0,"href":"https:\/\/zjarr.tv\/en\/wp-json\/wp\/v2\/posts\/123356\/revisions"}],"wp:featuredmedia":[{"embeddable":true,"href":"https:\/\/zjarr.tv\/en\/wp-json\/wp\/v2\/media\/123357"}],"wp:attachment":[{"href":"https:\/\/zjarr.tv\/en\/wp-json\/wp\/v2\/media?parent=123356"}],"wp:term":[{"taxonomy":"category","embeddable":true,"href":"https:\/\/zjarr.tv\/en\/wp-json\/wp\/v2\/categories?post=123356"},{"taxonomy":"post_tag","embeddable":true,"href":"https:\/\/zjarr.tv\/en\/wp-json\/wp\/v2\/tags?post=123356"}],"curies":[{"name":"wp","href":"https:\/\/api.w.org\/{rel}","templated":true}]}}