{"id":123359,"date":"2020-03-05T15:42:00","date_gmt":"2020-03-05T14:42:00","guid":{"rendered":"https:\/\/zjarr.tv\/?p=123359"},"modified":"2020-03-05T15:42:00","modified_gmt":"2020-03-05T14:42:00","slug":"kryemadhi-takon-ambasadoren-e-shba-lsi-e-angazhuar-per-perfundimin-e-reformes-me-15-mars","status":"publish","type":"post","link":"https:\/\/zjarr.tv\/en\/kryemadhi-takon-ambasadoren-e-shba-lsi-e-angazhuar-per-perfundimin-e-reformes-me-15-mars\/","title":{"rendered":"Kryemadhi takon ambasadoren e SHBA: LSI e angazhuar p\u00ebr p\u00ebrfundimin e reform\u00ebs m\u00eb 15 mars"},"content":{"rendered":"<p>Kryetarja e L\u00ebvizjes Socialiste p\u00ebr Integrim, Monika Kryemadhi ka zhvilluar sot nj\u00eb takime ambasadoren e SHBA-ve n\u00eb Tiran\u00eb, Yuri Kim.<\/p>\n<p>M\u00ebsohet se takimi \u2018kok\u00eb m\u00eb kok\u00eb\u2019 mes dy zyrtareve ka zgjatur rreth 1 or\u00eb e 30 minuta. N\u00eb fokus t\u00eb k\u00ebtij takimi ka qen\u00eb reforma zgjedhore, p\u00ebr t\u00eb cil\u00ebn \u00ebsht\u00eb vendosur q\u00eb brenda 15 marsit t\u00eb arrihet nj\u00eb marr\u00ebveshje mes pal\u00ebve.<\/p>\n<div id=\"pa_1x1_psbk_1583419296862\"><\/div>\n<p>Burime p\u00ebr \u201cBalkanWeb\u201d b\u00ebn\u00eb me dije se Kryemadhi i ka shprehur ambasadores faktin se LSI \u00ebsht\u00eb e angazhuar p\u00ebr p\u00ebrfundimin e reform\u00ebs brenda k\u00ebtij afati.<\/p>","protected":false},"excerpt":{"rendered":"<p>Kryetarja e L\u00ebvizjes Socialiste p\u00ebr Integrim, Monika Kryemadhi ka zhvilluar sot nj\u00eb takime ambasadoren e SHBA-ve n\u00eb Tiran\u00eb, Yuri Kim. M\u00ebsohet se takimi \u2018kok\u00eb m\u00eb kok\u00eb\u2019 mes dy zyrtareve ka zgjatur rreth 1 or\u00eb e 30 minuta. N\u00eb fokus t\u00eb k\u00ebtij takimi ka qen\u00eb reforma zgjedhore, p\u00ebr t\u00eb cil\u00ebn \u00ebsht\u00eb vendosur q\u00eb brenda 15 marsit [&hellip;]<\/p>\n","protected":false},"author":2013,"featured_media":123360,"comment_status":"open","ping_status":"closed","sticky":false,"template":"","format":"standard","meta":{"footnotes":""},"categories":[241,235],"tags":[],"class_list":{"0":"post-123359","1":"post","2":"type-post","3":"status-publish","4":"format-standard","5":"has-post-thumbnail","7":"category-aktualitet","8":"category-vendi"},"_links":{"self":[{"href":"https:\/\/zjarr.tv\/en\/wp-json\/wp\/v2\/posts\/123359","targetHints":{"allow":["GET"]}}],"collection":[{"href":"https:\/\/zjarr.tv\/en\/wp-json\/wp\/v2\/posts"}],"about":[{"href":"https:\/\/zjarr.tv\/en\/wp-json\/wp\/v2\/types\/post"}],"author":[{"embeddable":true,"href":"https:\/\/zjarr.tv\/en\/wp-json\/wp\/v2\/users\/2013"}],"replies":[{"embeddable":true,"href":"https:\/\/zjarr.tv\/en\/wp-json\/wp\/v2\/comments?post=123359"}],"version-history":[{"count":0,"href":"https:\/\/zjarr.tv\/en\/wp-json\/wp\/v2\/posts\/123359\/revisions"}],"wp:featuredmedia":[{"embeddable":true,"href":"https:\/\/zjarr.tv\/en\/wp-json\/wp\/v2\/media\/123360"}],"wp:attachment":[{"href":"https:\/\/zjarr.tv\/en\/wp-json\/wp\/v2\/media?parent=123359"}],"wp:term":[{"taxonomy":"category","embeddable":true,"href":"https:\/\/zjarr.tv\/en\/wp-json\/wp\/v2\/categories?post=123359"},{"taxonomy":"post_tag","embeddable":true,"href":"https:\/\/zjarr.tv\/en\/wp-json\/wp\/v2\/tags?post=123359"}],"curies":[{"name":"wp","href":"https:\/\/api.w.org\/{rel}","templated":true}]}}