{"id":123370,"date":"2020-03-06T11:16:15","date_gmt":"2020-03-06T10:16:15","guid":{"rendered":"https:\/\/zjarr.tv\/?p=123370"},"modified":"2020-03-06T11:16:15","modified_gmt":"2020-03-06T10:16:15","slug":"rama-per-here-te-pare-ne-krijimin-e-be-nje-president-con-letra-kunder-vendit-te-tij","status":"publish","type":"post","link":"https:\/\/zjarr.tv\/en\/rama-per-here-te-pare-ne-krijimin-e-be-nje-president-con-letra-kunder-vendit-te-tij\/","title":{"rendered":"Rama: P\u00ebr her\u00eb t\u00eb par\u00eb n\u00eb krijimin e BE nj\u00eb President \u00e7on letra kund\u00ebr vendit t\u00eb tij"},"content":{"rendered":"<p>Letr\u00ebn q\u00eb Presidenti Ilir Meta\u00a0i ka d\u00ebrguar K\u00ebshillit t\u00eb Evrop\u00ebs, kryeministri Edi Rama e lexon si lobim kund\u00ebr hapjes s\u00eb negociatave.<\/p>\n<p>N\u00eb nj\u00eb status n\u00eb twitter, Rama thot\u00eb se p\u00ebr her\u00eb t\u00eb par\u00eb q\u00eb nga krijimi i Bashkimit Europian nj\u00eb president \u00e7on letra n\u00eb Bruksel p\u00ebr t\u00eb minuar ur\u00ebn mes Europ\u00ebs e vendit t\u00eb tij.<\/p>\n<p><em>&#8220;P\u00ebr her\u00eb t\u00eb par\u00eb n\u00eb historin\u00eb e zgjerimit t\u00eb BE nj\u00eb vend kandidat ka Brukselin PRO dhe Presidentin e vet KUND\u00cbR vendit e KUND\u00cbR vet\u00eb Brukselit&#8221;,<\/em>\u00a0shkruan Rama.<\/p>\n<p>T\u00eb gjitha k\u00ebto reagime, madje edhe deklaratat p\u00ebr shp\u00ebrndarje Parlamenti, Rama i shikon si frik\u00eb nga reform\u00eb n\u00eb drejt\u00ebsi.<\/p>\n<p><em>&#8220;Sa nisi terapia intensive e Reform\u00ebs n\u00eb Drejt\u00ebsi nisi dhe reaksioni me temperatura t\u00eb larta n\u00eb organizmin e shtetit t\u00eb s\u00ebmur\u00eb prej kancerit t\u00eb korrupsionit! P\u00ebrp\u00eblitjet e ethshme me bojkote, molotov\u00eb, dekrete jan\u00eb thjesht pasoja t\u00eb intensitetit t\u00eb terapis\u00eb mbi kancerin. Shqip\u00ebria mund ta marr\u00eb mund t\u00eb mos e marr\u00eb PO-n\u00eb q\u00eb meriton nga K\u00ebshilli Europian,po ama kurimi deri n\u00eb fund i s\u00ebmundjes d\u00ebrrmuese q\u00eb i ka ngr\u00ebn\u00eb trupin e shpirtin prej 30 vjet\u00ebsh,as mund dhe as do ndalet dot me kriza t\u00eb turpshme t\u00eb provokuara nga terapia e Reform\u00ebs n\u00eb Drejt\u00ebsi!<\/em>\u00a0shkruan Rama.<\/p>","protected":false},"excerpt":{"rendered":"<p>Letr\u00ebn q\u00eb Presidenti Ilir Meta\u00a0i ka d\u00ebrguar K\u00ebshillit t\u00eb Evrop\u00ebs, kryeministri Edi Rama e lexon si lobim kund\u00ebr hapjes s\u00eb negociatave. N\u00eb nj\u00eb status n\u00eb twitter, Rama thot\u00eb se p\u00ebr her\u00eb t\u00eb par\u00eb q\u00eb nga krijimi i Bashkimit Europian nj\u00eb president \u00e7on letra n\u00eb Bruksel p\u00ebr t\u00eb minuar ur\u00ebn mes Europ\u00ebs e vendit t\u00eb tij. [&hellip;]<\/p>\n","protected":false},"author":2013,"featured_media":123371,"comment_status":"open","ping_status":"closed","sticky":false,"template":"","format":"standard","meta":{"footnotes":""},"categories":[241,235],"tags":[],"class_list":{"0":"post-123370","1":"post","2":"type-post","3":"status-publish","4":"format-standard","5":"has-post-thumbnail","7":"category-aktualitet","8":"category-vendi"},"_links":{"self":[{"href":"https:\/\/zjarr.tv\/en\/wp-json\/wp\/v2\/posts\/123370","targetHints":{"allow":["GET"]}}],"collection":[{"href":"https:\/\/zjarr.tv\/en\/wp-json\/wp\/v2\/posts"}],"about":[{"href":"https:\/\/zjarr.tv\/en\/wp-json\/wp\/v2\/types\/post"}],"author":[{"embeddable":true,"href":"https:\/\/zjarr.tv\/en\/wp-json\/wp\/v2\/users\/2013"}],"replies":[{"embeddable":true,"href":"https:\/\/zjarr.tv\/en\/wp-json\/wp\/v2\/comments?post=123370"}],"version-history":[{"count":0,"href":"https:\/\/zjarr.tv\/en\/wp-json\/wp\/v2\/posts\/123370\/revisions"}],"wp:featuredmedia":[{"embeddable":true,"href":"https:\/\/zjarr.tv\/en\/wp-json\/wp\/v2\/media\/123371"}],"wp:attachment":[{"href":"https:\/\/zjarr.tv\/en\/wp-json\/wp\/v2\/media?parent=123370"}],"wp:term":[{"taxonomy":"category","embeddable":true,"href":"https:\/\/zjarr.tv\/en\/wp-json\/wp\/v2\/categories?post=123370"},{"taxonomy":"post_tag","embeddable":true,"href":"https:\/\/zjarr.tv\/en\/wp-json\/wp\/v2\/tags?post=123370"}],"curies":[{"name":"wp","href":"https:\/\/api.w.org\/{rel}","templated":true}]}}