{"id":123374,"date":"2020-03-06T11:25:46","date_gmt":"2020-03-06T10:25:46","guid":{"rendered":"https:\/\/zjarr.tv\/?p=123374"},"modified":"2020-03-06T11:25:46","modified_gmt":"2020-03-06T10:25:46","slug":"paketa-anti-kck-brace-fino-xhafaj-e-6-deputete-te-ps-se-munguan-ne-votim","status":"publish","type":"post","link":"https:\/\/zjarr.tv\/en\/paketa-anti-kck-brace-fino-xhafaj-e-6-deputete-te-ps-se-munguan-ne-votim\/","title":{"rendered":"Paketa anti K\u00c7K: Bra\u00e7e, Fino, Xhafaj e 6 deputet\u00eb t\u00eb PS-s\u00eb munguan n\u00eb votim"},"content":{"rendered":"<p>Kuvendi kaloi dje (5 mars) \u00a0me 89 vota pro paketa anti K\u00c7K, plot 34 dit\u00eb pasi u miratua n\u00eb K\u00ebshillin e Ministrave.<\/p>\n<p>P\u00ebr aktin normativ nr. 1, dat\u00eb 31.01.2020 \u201c<em>P\u00ebr masat parandaluese n\u00eb kuad\u00ebr t\u00eb forcimit t\u00eb luft\u00ebs kund\u00ebr terrorizmit, krimit t\u00eb organizuar, krimeve t\u00eb r\u00ebnda dhe konsolidimit t\u00eb rendit e siguris\u00eb publike\u201d \u00a0<\/em>\u00a017 votuan kund\u00ebr dhe 3 abstenim nd\u00ebrsa 9 deputet\u00eb socialist munguan n\u00eb votim, informoi gazetarja e Ora News, Fjorela Beleshi<\/p>\n<p><strong>Deputet\u00ebt q\u00eb munguan n\u00eb votim<em><br \/>\n<\/em><\/strong><\/p>\n<p>Erion Bra\u00e7e<\/p>\n<p>Fatmir Xhafaj<\/p>\n<p>Bashkim Fino<\/p>\n<p>Senida Mesi<\/p>\n<p>Roland Xhelili<\/p>\n<p>Jurgis \u00c7yrbja<\/p>\n<p>Musa Ulqini<\/p>\n<p>Lindita Nikolla<\/p>\n<p>Robert Bitri\u00a0<em>\u00a0<\/em><\/p>\n<p><strong>Rama: Kunder horrave me kostum<\/strong><\/p>\n<p>Kryeministri Rama n\u00eb fjal\u00ebn e tij n\u00eb mbrojtje t\u00eb k\u00ebtij akti normativ dhe se p\u00ebr tre dekada krimi u mbrojt nga horrat me kostum<\/p>\n<p><strong>Edi Rama:\u00a0<\/strong><em>\u201cUn\u00eb nuk jam dhe e them shum\u00eb sinqerisht, aspak i befasuar nga e gjith\u00eb p\u00ebrkrahja e befasishme q\u00eb ka gjetur as m\u00eb shum\u00eb e as m\u00eb pak, por elita e krimit t\u00eb organizuar, sapo ne e kemi shpallur betej\u00ebn m\u00eb t\u00eb skajshme kund\u00ebr k\u00ebsaj mortjeje q\u00eb e ka tollovitur Shqip\u00ebrin\u00eb tre dekada me radh\u00eb, q\u00eb e ka tollovitur jet\u00ebn publike tre dekada me radh\u00eb dhe q\u00eb fal\u00eb edhe t\u00eb gjith\u00eb horrave e hipokrit\u00ebve me kostum, q\u00eb kan\u00eb pasur dhe nj\u00eb mikrofon n\u00eb dor\u00eb e ka b\u00ebr\u00eb horr Shqip\u00ebrin\u00eb, edhe n\u00eb syt\u00eb e shum\u00eb njer\u00ebzve q\u00eb shqiptar\u00eb nuk jan\u00eb, por q\u00eb e ndjekin vendin ton\u00eb, apo q\u00eb shkruajn\u00eb e bro\u00e7kullisin e hedhin helm me k\u00ebnaq\u00ebsin\u00eb m\u00eb t\u00eb madhe p\u00ebr vendin ton\u00eb.<\/em><em>\u00a0<\/em><\/p>\n<p><em>Si ka mund\u00ebsi q\u00eb pik\u00ebrisht kur shfaqet m\u00eb e qart\u00eb, m\u00eb e thell\u00eb dhe m\u00eb e fort\u00eb se asnj\u00ebher\u00eb n\u00eb tre dekada, vija e kuqe mes shtetit dhe krimit t\u00eb organizuar, ngrihet nj\u00eb koalicion kaq i larmish\u00ebm mes segmentesh dhe protagonist\u00ebsh q\u00eb vijn\u00eb nga gjitha rrug\u00ebt e jet\u00ebs publike, nga mediat, tek i ashtuquajturi President i Republik\u00ebs, nga opozitat k\u00ebtu pak \u00e7aste para meje dhe atje n\u00eb rrug\u00eb, deri te Avokati i Popullit, p\u00ebr t\u2019iu qar\u00eb hallin k\u00ebtyre \u201ct\u00eb shkret\u00ebve\u201d q\u00eb kan\u00eb vrar\u00eb, kan\u00eb p\u00ebrdhunuar, kan\u00eb trafikuar \u00e7far\u00eb kan\u00eb mundur, kan\u00eb grabitur pronat sa kan\u00eb mundur, kan\u00eb shantazhuar sa nuk merret as me mend njer\u00ebzit e zakonsh\u00ebm dhe sip\u00ebrmarr\u00ebsit e k\u00ebtij vendi dhe q\u00eb me demek tani po dhunohen n\u00eb t\u00eb drejtat e tyre njer\u00ebzore?\u201d<\/em><\/p>\n<p>Me ligjin policia merr t\u00eb drejt\u00ebn e p\u00ebrgjimit deri n\u00eb 6 muaj edhe pa firm\u00ebn e prokurorit. Nd\u00ebrsa pronat e sekuestruara mund t\u00eb shiten edhe pa vendimin e sekuestrimit t\u00eb gjykat\u00ebs. N\u00eb prag t\u00eb votimit, n\u00eb p\u00ebrgjigje t\u00eb deputet\u00ebve t\u00eb mazhoranc\u00ebs Lleshaj theksoi se Ministria e Brendshme nuk kthehet n\u00eb ministri t\u00eb sigurimit.<\/p>\n<p><em>&#8220;Ministria e Brendshme nuk \u00ebsht\u00eb thjesht Ministri e Siguris\u00eb, ka portofol m\u00eb t\u00eb gjer\u00eb&#8221;<\/em>\u00a0u shpreh ministri i Brendshem ne Kuvend.<\/p>\n<p><strong>\u00a0Ligjet e tjera<\/strong><\/p>\n<p>Kuvendi votoi dhe k\u00ebto pr\/ligje<\/p>\n<p>-Projektligji \u201cP\u00ebr disa shtesa dhe ndryshime n\u00eb ligjin nr. 34\/2019, \u201cP\u00ebr administrimin e pasurive t\u00eb sekuestruara e t\u00eb konfiskuara\u201d u miratua me 85 vota pro, 13 kund\u00ebr dhe 4 abstenim.<\/p>\n<p>-Projektligji \u201cP\u00ebr p\u00ebrfundimin e proceseve kalimtare t\u00eb pron\u00ebsis\u00eb n\u00eb Republik\u00ebn e Shqip\u00ebris\u00eb\u201d, u miratua me 94 vota pro, 4 kund\u00ebr dhe 8 abstenim.<\/p>\n<p>-Projektligji \u201cP\u00ebr disa shtesa n\u00eb ligjin nr. 71\/2016 \u201cP\u00ebr kontrollin kufitar u miratua me 92 vota pro, 5 kund\u00ebr dhe 2 abstenim.<\/p>\n<p>-Projektligji \u201cP\u00ebr disa shtesa dhe ndryshime n\u00eb ligjin nr. 89\/2014, \u201cP\u00ebr pajisjet mjek\u00ebsore\u201d. u miratua me 96 vota pro, 3 kund\u00ebr dhe 3 abstenim.<\/p>","protected":false},"excerpt":{"rendered":"<p>Kuvendi kaloi dje (5 mars) \u00a0me 89 vota pro paketa anti K\u00c7K, plot 34 dit\u00eb pasi u miratua n\u00eb K\u00ebshillin e Ministrave. P\u00ebr aktin normativ nr. 1, dat\u00eb 31.01.2020 \u201cP\u00ebr masat parandaluese n\u00eb kuad\u00ebr t\u00eb forcimit t\u00eb luft\u00ebs kund\u00ebr terrorizmit, krimit t\u00eb organizuar, krimeve t\u00eb r\u00ebnda dhe konsolidimit t\u00eb rendit e siguris\u00eb publike\u201d \u00a0\u00a017 votuan [&hellip;]<\/p>\n","protected":false},"author":2013,"featured_media":123375,"comment_status":"open","ping_status":"closed","sticky":false,"template":"","format":"standard","meta":{"footnotes":""},"categories":[241,235],"tags":[],"class_list":{"0":"post-123374","1":"post","2":"type-post","3":"status-publish","4":"format-standard","5":"has-post-thumbnail","7":"category-aktualitet","8":"category-vendi"},"_links":{"self":[{"href":"https:\/\/zjarr.tv\/en\/wp-json\/wp\/v2\/posts\/123374","targetHints":{"allow":["GET"]}}],"collection":[{"href":"https:\/\/zjarr.tv\/en\/wp-json\/wp\/v2\/posts"}],"about":[{"href":"https:\/\/zjarr.tv\/en\/wp-json\/wp\/v2\/types\/post"}],"author":[{"embeddable":true,"href":"https:\/\/zjarr.tv\/en\/wp-json\/wp\/v2\/users\/2013"}],"replies":[{"embeddable":true,"href":"https:\/\/zjarr.tv\/en\/wp-json\/wp\/v2\/comments?post=123374"}],"version-history":[{"count":0,"href":"https:\/\/zjarr.tv\/en\/wp-json\/wp\/v2\/posts\/123374\/revisions"}],"wp:featuredmedia":[{"embeddable":true,"href":"https:\/\/zjarr.tv\/en\/wp-json\/wp\/v2\/media\/123375"}],"wp:attachment":[{"href":"https:\/\/zjarr.tv\/en\/wp-json\/wp\/v2\/media?parent=123374"}],"wp:term":[{"taxonomy":"category","embeddable":true,"href":"https:\/\/zjarr.tv\/en\/wp-json\/wp\/v2\/categories?post=123374"},{"taxonomy":"post_tag","embeddable":true,"href":"https:\/\/zjarr.tv\/en\/wp-json\/wp\/v2\/tags?post=123374"}],"curies":[{"name":"wp","href":"https:\/\/api.w.org\/{rel}","templated":true}]}}